{"id":27863,"date":"2025-05-11T11:56:05","date_gmt":"2025-05-11T08:56:05","guid":{"rendered":"https:\/\/www.egemtv.com\/?p=27863"},"modified":"2025-05-11T11:56:13","modified_gmt":"2025-05-11T08:56:13","slug":"izmirde-kuyuya-dusen-yasli-kadin-kurtarildi","status":"publish","type":"post","link":"https:\/\/www.egemtv.com\/?p=27863","title":{"rendered":"\u0130zmir\u2019de kuyuya d\u00fc\u015fen ya\u015fl\u0131 kad\u0131n kurtar\u0131ld\u0131"},"content":{"rendered":"<p>\u0130zmir\u2019in \u00c7e\u015fme il\u00e7esinde bir in\u015faat alan\u0131nda bulunan kuyuya d\u00fc\u015fen 65 ya\u015f\u0131ndaki kad\u0131n, itfaiye ekiplerinin m\u00fcdahalesiyle \u00e7\u0131kart\u0131ld\u0131.<br \/>\n<br \/>Olay, d\u00fcn Ard\u0131\u00e7 Mahallesi 5446 Sokak\u2019ta meydana geldi. Edinilen bilgiye g\u00f6re, F.T. isimli 65 ya\u015f\u0131ndaki kad\u0131n bir in\u015faat alan\u0131ndaki kuyuya d\u00fc\u015ft\u00fc. \u00c7evredekilerin durumu 112 Acil \u00c7a\u011fr\u0131 Merkezi\u2019ne bildirmesi \u00fczerine b\u00f6lgeye Urla ve Il\u0131ca\u2019dan arama kurtarma ekipleri sevk edildi. \u0130tfaiye ekiplerince kuyuya d\u00fc\u015fen kad\u0131n k\u0131sa s\u00fcrede bulundu\u011fu yerden \u00e7\u0131kar\u0131ld\u0131. Sa\u011fl\u0131k durumu iyi oldu\u011fu \u00f6\u011frenilen F.T., olay yerinde yap\u0131lan ilk m\u00fcdahalenin ard\u0131ndan ambulansla hastaneye kald\u0131r\u0131ld\u0131.<br \/><\/p>\n","protected":false},"excerpt":{"rendered":"<p>\u0130zmir\u2019in \u00c7e\u015fme il\u00e7esinde bir in\u015faat alan\u0131nda bulunan kuyuya d\u00fc\u015fen 65 ya\u015f\u0131ndaki kad\u0131n, itfaiye ekiplerinin m\u00fcdahalesiyle \u00e7\u0131kart\u0131ld\u0131. Olay, d\u00fcn Ard\u0131\u00e7 Mahallesi 5446 Sokak\u2019ta meydana geldi. Edinilen bilgiye g\u00f6re, F.T. isimli 65 ya\u015f\u0131ndaki kad\u0131n bir in\u015faat alan\u0131ndaki kuyuya d\u00fc\u015ft\u00fc. \u00c7evredekilerin durumu 112 Acil \u00c7a\u011fr\u0131 Merkezi\u2019ne bildirmesi \u00fczerine b\u00f6lgeye Urla ve Il\u0131ca\u2019dan arama kurtarma ekipleri sevk edildi. \u0130tfaiye&#8230;<\/p>\n","protected":false},"author":1,"featured_media":27864,"comment_status":"open","ping_status":"open","sticky":false,"template":"","format":"standard","meta":{"_crdt_document":"","footnotes":""},"categories":[5],"tags":[],"class_list":["post-27863","post","type-post","status-publish","format-standard","has-post-thumbnail","hentry","category-asayis"],"_links":{"self":[{"href":"https:\/\/www.egemtv.com\/index.php?rest_route=\/wp\/v2\/posts\/27863","targetHints":{"allow":["GET"]}}],"collection":[{"href":"https:\/\/www.egemtv.com\/index.php?rest_route=\/wp\/v2\/posts"}],"about":[{"href":"https:\/\/www.egemtv.com\/index.php?rest_route=\/wp\/v2\/types\/post"}],"author":[{"embeddable":true,"href":"https:\/\/www.egemtv.com\/index.php?rest_route=\/wp\/v2\/users\/1"}],"replies":[{"embeddable":true,"href":"https:\/\/www.egemtv.com\/index.php?rest_route=%2Fwp%2Fv2%2Fcomments&post=27863"}],"version-history":[{"count":1,"href":"https:\/\/www.egemtv.com\/index.php?rest_route=\/wp\/v2\/posts\/27863\/revisions"}],"predecessor-version":[{"id":27865,"href":"https:\/\/www.egemtv.com\/index.php?rest_route=\/wp\/v2\/posts\/27863\/revisions\/27865"}],"wp:featuredmedia":[{"embeddable":true,"href":"https:\/\/www.egemtv.com\/index.php?rest_route=\/wp\/v2\/media\/27864"}],"wp:attachment":[{"href":"https:\/\/www.egemtv.com\/index.php?rest_route=%2Fwp%2Fv2%2Fmedia&parent=27863"}],"wp:term":[{"taxonomy":"category","embeddable":true,"href":"https:\/\/www.egemtv.com\/index.php?rest_route=%2Fwp%2Fv2%2Fcategories&post=27863"},{"taxonomy":"post_tag","embeddable":true,"href":"https:\/\/www.egemtv.com\/index.php?rest_route=%2Fwp%2Fv2%2Ftags&post=27863"}],"curies":[{"name":"wp","href":"https:\/\/api.w.org\/{rel}","templated":true}]}}