{"id":27860,"date":"2025-05-11T11:56:02","date_gmt":"2025-05-11T08:56:02","guid":{"rendered":"https:\/\/www.egemtv.com\/?p=27860"},"modified":"2025-05-11T11:56:05","modified_gmt":"2025-05-11T08:56:05","slug":"ortacada-kahverengi-kokarcaya-karsi-tuzakli-takip-basladi","status":"publish","type":"post","link":"https:\/\/www.egemtv.com\/?p=27860","title":{"rendered":"Ortaca\u2019da Kahverengi Kokarca\u2019ya kar\u015f\u0131 tuzakl\u0131 takip ba\u015flad\u0131"},"content":{"rendered":"<p>Mu\u011fla\u2019n\u0131n Ortaca il\u00e7esinde bitkisel \u00fcretimde ciddi ekonomik kay\u0131plara neden olan, istilac\u0131 bir zararl\u0131 olan Kahverengi Kokarca ile m\u00fccadele kapsam\u0131nda \u00f6nemli bir ad\u0131m at\u0131ld\u0131.<\/p>\n<p>\u0130l ve \u0130l\u00e7e Tar\u0131m M\u00fcd\u00fcrl\u00fckleri teknik personellerince, Ortaca\u2019n\u0131n farkl\u0131 noktalar\u0131na zararl\u0131y\u0131 izlemek ve etkin m\u00fccadele plan\u0131 olu\u015fturmak amac\u0131yla tuzaklar yerle\u015ftirildi. Ortaca \u0130l\u00e7e Tar\u0131m ve Orman M\u00fcd\u00fcrl\u00fc\u011f\u00fc taraf\u0131ndan yap\u0131lan a\u00e7\u0131klamada, &#8220;Bu m\u00fccadelede ama\u00e7, pop\u00fclasyon yo\u011funlu\u011funu izlemek, erken uyar\u0131 sistemi olu\u015fturmak, do\u011fru zamanda do\u011fru m\u00fccadeleyi ba\u015flatmak. \u00dcreticilerimizin bu konuda dikkatli olmalar\u0131 ve \u015f\u00fcpheli durumlar\u0131 \u0130l\u00e7e M\u00fcd\u00fcrl\u00fc\u011f\u00fcm\u00fcze bildirmeleri \u00f6nem arz etmektedir&#8221; ifadeleri yer ald\u0131.<br \/><\/p>\n","protected":false},"excerpt":{"rendered":"<p>Mu\u011fla\u2019n\u0131n Ortaca il\u00e7esinde bitkisel \u00fcretimde ciddi ekonomik kay\u0131plara neden olan, istilac\u0131 bir zararl\u0131 olan Kahverengi Kokarca ile m\u00fccadele kapsam\u0131nda \u00f6nemli bir ad\u0131m at\u0131ld\u0131. \u0130l ve \u0130l\u00e7e Tar\u0131m M\u00fcd\u00fcrl\u00fckleri teknik personellerince, Ortaca\u2019n\u0131n farkl\u0131 noktalar\u0131na zararl\u0131y\u0131 izlemek ve etkin m\u00fccadele plan\u0131 olu\u015fturmak amac\u0131yla tuzaklar yerle\u015ftirildi. Ortaca \u0130l\u00e7e Tar\u0131m ve Orman M\u00fcd\u00fcrl\u00fc\u011f\u00fc taraf\u0131ndan yap\u0131lan a\u00e7\u0131klamada, &#8220;Bu m\u00fccadelede ama\u00e7,&#8230;<\/p>\n","protected":false},"author":1,"featured_media":27861,"comment_status":"open","ping_status":"open","sticky":false,"template":"","format":"standard","meta":{"_crdt_document":"","footnotes":""},"categories":[1],"tags":[],"class_list":["post-27860","post","type-post","status-publish","format-standard","has-post-thumbnail","hentry","category-guncel"],"_links":{"self":[{"href":"https:\/\/www.egemtv.com\/index.php?rest_route=\/wp\/v2\/posts\/27860","targetHints":{"allow":["GET"]}}],"collection":[{"href":"https:\/\/www.egemtv.com\/index.php?rest_route=\/wp\/v2\/posts"}],"about":[{"href":"https:\/\/www.egemtv.com\/index.php?rest_route=\/wp\/v2\/types\/post"}],"author":[{"embeddable":true,"href":"https:\/\/www.egemtv.com\/index.php?rest_route=\/wp\/v2\/users\/1"}],"replies":[{"embeddable":true,"href":"https:\/\/www.egemtv.com\/index.php?rest_route=%2Fwp%2Fv2%2Fcomments&post=27860"}],"version-history":[{"count":1,"href":"https:\/\/www.egemtv.com\/index.php?rest_route=\/wp\/v2\/posts\/27860\/revisions"}],"predecessor-version":[{"id":27862,"href":"https:\/\/www.egemtv.com\/index.php?rest_route=\/wp\/v2\/posts\/27860\/revisions\/27862"}],"wp:featuredmedia":[{"embeddable":true,"href":"https:\/\/www.egemtv.com\/index.php?rest_route=\/wp\/v2\/media\/27861"}],"wp:attachment":[{"href":"https:\/\/www.egemtv.com\/index.php?rest_route=%2Fwp%2Fv2%2Fmedia&parent=27860"}],"wp:term":[{"taxonomy":"category","embeddable":true,"href":"https:\/\/www.egemtv.com\/index.php?rest_route=%2Fwp%2Fv2%2Fcategories&post=27860"},{"taxonomy":"post_tag","embeddable":true,"href":"https:\/\/www.egemtv.com\/index.php?rest_route=%2Fwp%2Fv2%2Ftags&post=27860"}],"curies":[{"name":"wp","href":"https:\/\/api.w.org\/{rel}","templated":true}]}}