{"id":27857,"date":"2025-05-11T11:36:07","date_gmt":"2025-05-11T08:36:07","guid":{"rendered":"https:\/\/www.egemtv.com\/?p=27857"},"modified":"2025-05-11T11:36:09","modified_gmt":"2025-05-11T08:36:09","slug":"aydinli-ozdemir-kalbine-yenik-dustu","status":"publish","type":"post","link":"https:\/\/www.egemtv.com\/?p=27857","title":{"rendered":"Ayd\u0131nl\u0131 \u00d6zdemir, kalbine yenik d\u00fc\u015ft\u00fc"},"content":{"rendered":"<p>Ayd\u0131n\u2019\u0131n Efeler il\u00e7esinde ya\u015fayan 49 ya\u015f\u0131ndaki Adem \u00d6zdemir, bir akaryak\u0131t istasyonunda ge\u00e7irdi\u011fi kalp krizi sebebiyle hayat\u0131n\u0131 kaybetti.<br \/>\n<br \/>Bir d\u00f6nem Ayd\u0131n Valili\u011fi ve Ayd\u0131n B\u00fcy\u00fck\u015fehir Belediyesi\u2019nde \u00e7al\u0131\u015fan, son olarak Efeler Belediyesi\u2019nde b\u00fcro personeli olarak g\u00f6rev yapan 49 ya\u015f\u0131ndaki Adem \u00d6zdemir, hayat\u0131n\u0131 kaybetti. Edinilen bilgiye g\u00f6re H\u00fcrriyet Bulvar\u0131 \u00fczerindeki bir akaryak\u0131t istasyonuna gelen \u00d6zdemir, arac\u0131ndan \u00e7\u0131kt\u0131\u011f\u0131 esnada bir anda yere y\u0131\u011f\u0131ld\u0131. \u00d6zdemir\u2019i fark eden istasyon \u00e7al\u0131\u015fanlar\u0131 hemen yard\u0131m\u0131na ko\u015farak durumu 112 Acil \u00c7a\u011fr\u0131 Merkezi\u2019ne bildirdi. \u0130hbar \u00fczerine b\u00f6lgeye polis ve sa\u011fl\u0131k ekipleri sevk edildi. K\u0131sa s\u00fcrede olay yerine gelen sa\u011fl\u0131k ekipleri, \u00d6zdemir\u2019in kalp krizi ge\u00e7irdi\u011fini tespit etti. Yap\u0131lan ilk m\u00fcdahalenin ard\u0131ndan \u00d6zdemir, ambulansla hastaneye kald\u0131r\u0131ld\u0131. Yap\u0131lan t\u00fcm m\u00fcdahalelere ra\u011fmen kurtar\u0131lamayan \u00d6zdemir, kalbine yenik d\u00fc\u015ft\u00fc. \u00d6zdemir\u2019in ani \u00f6l\u00fcm\u00fc sevenlerini yasa bo\u011farken, olayla ilgili inceleme s\u00fcr\u00fcyor.<br \/><\/p>\n","protected":false},"excerpt":{"rendered":"<p>Ayd\u0131n\u2019\u0131n Efeler il\u00e7esinde ya\u015fayan 49 ya\u015f\u0131ndaki Adem \u00d6zdemir, bir akaryak\u0131t istasyonunda ge\u00e7irdi\u011fi kalp krizi sebebiyle hayat\u0131n\u0131 kaybetti. Bir d\u00f6nem Ayd\u0131n Valili\u011fi ve Ayd\u0131n B\u00fcy\u00fck\u015fehir Belediyesi\u2019nde \u00e7al\u0131\u015fan, son olarak Efeler Belediyesi\u2019nde b\u00fcro personeli olarak g\u00f6rev yapan 49 ya\u015f\u0131ndaki Adem \u00d6zdemir, hayat\u0131n\u0131 kaybetti. Edinilen bilgiye g\u00f6re H\u00fcrriyet Bulvar\u0131 \u00fczerindeki bir akaryak\u0131t istasyonuna gelen \u00d6zdemir, arac\u0131ndan \u00e7\u0131kt\u0131\u011f\u0131 esnada&#8230;<\/p>\n","protected":false},"author":1,"featured_media":27858,"comment_status":"open","ping_status":"open","sticky":false,"template":"","format":"standard","meta":{"_crdt_document":"","footnotes":""},"categories":[5],"tags":[],"class_list":["post-27857","post","type-post","status-publish","format-standard","has-post-thumbnail","hentry","category-asayis"],"_links":{"self":[{"href":"https:\/\/www.egemtv.com\/index.php?rest_route=\/wp\/v2\/posts\/27857","targetHints":{"allow":["GET"]}}],"collection":[{"href":"https:\/\/www.egemtv.com\/index.php?rest_route=\/wp\/v2\/posts"}],"about":[{"href":"https:\/\/www.egemtv.com\/index.php?rest_route=\/wp\/v2\/types\/post"}],"author":[{"embeddable":true,"href":"https:\/\/www.egemtv.com\/index.php?rest_route=\/wp\/v2\/users\/1"}],"replies":[{"embeddable":true,"href":"https:\/\/www.egemtv.com\/index.php?rest_route=%2Fwp%2Fv2%2Fcomments&post=27857"}],"version-history":[{"count":1,"href":"https:\/\/www.egemtv.com\/index.php?rest_route=\/wp\/v2\/posts\/27857\/revisions"}],"predecessor-version":[{"id":27859,"href":"https:\/\/www.egemtv.com\/index.php?rest_route=\/wp\/v2\/posts\/27857\/revisions\/27859"}],"wp:featuredmedia":[{"embeddable":true,"href":"https:\/\/www.egemtv.com\/index.php?rest_route=\/wp\/v2\/media\/27858"}],"wp:attachment":[{"href":"https:\/\/www.egemtv.com\/index.php?rest_route=%2Fwp%2Fv2%2Fmedia&parent=27857"}],"wp:term":[{"taxonomy":"category","embeddable":true,"href":"https:\/\/www.egemtv.com\/index.php?rest_route=%2Fwp%2Fv2%2Fcategories&post=27857"},{"taxonomy":"post_tag","embeddable":true,"href":"https:\/\/www.egemtv.com\/index.php?rest_route=%2Fwp%2Fv2%2Ftags&post=27857"}],"curies":[{"name":"wp","href":"https:\/\/api.w.org\/{rel}","templated":true}]}}