{"id":27854,"date":"2025-05-11T11:36:02","date_gmt":"2025-05-11T08:36:02","guid":{"rendered":"https:\/\/www.egemtv.com\/?p=27854"},"modified":"2025-05-11T11:36:07","modified_gmt":"2025-05-11T08:36:07","slug":"anneler-ve-cocuklar-doyasiya-eglendi","status":"publish","type":"post","link":"https:\/\/www.egemtv.com\/?p=27854","title":{"rendered":"Anneler ve \u00e7ocuklar doyas\u0131ya e\u011flendi"},"content":{"rendered":"<p>MAN\u0130SA (\u0130HA) \u2013 Manisa B\u00fcy\u00fck\u015fehir Belediyesi b\u00fcnyesinde faaliyet g\u00f6steren Yuvam Atat\u00fcrk Kentpark \u00c7ocuk E\u011fitim Merkezi\u2019nde Anneler G\u00fcn\u00fc dolay\u0131s\u0131yla renkli bir etkinlik d\u00fczenlendi. Etkinlikte anneler ve \u00e7ocuklar birlikte yar\u0131\u015fmalara kat\u0131ld\u0131, oyunlar oynad\u0131 ve unutulmaz anlar ya\u015fand\u0131.<br \/>\n<br \/>Anneler G\u00fcn\u00fc kapsam\u0131nda d\u00fczenlenen kutlama program\u0131nda, merkezde e\u011fitim g\u00f6ren \u00e7ocuklar anneleriyle birlikte \u00e7e\u015fitli etkinliklere kat\u0131larak, keyifli vakit ge\u00e7irdi. Halat \u00e7ekme, sandalye kapmaca gibi e\u011flenceli aktivitelerle hem \u00e7ocuklar hem de anneler ne\u015feli anlar ya\u015fad\u0131. Program boyunca \u00e7ocuklar\u0131n anneleri i\u00e7in haz\u0131rlad\u0131\u011f\u0131 s\u00fcrprizler ve hediyeler de duygusal anlara sahne oldu.<br \/>\n<br \/>Yuvam Atat\u00fcrk Kentpark \u00c7ocuk E\u011fitim Merkezi Sorumlusu Asl\u0131 Pekta\u015f, etkinlikle ilgili yapt\u0131\u011f\u0131 a\u00e7\u0131klamada, &#8220;Anneler G\u00fcn\u00fc gibi \u00f6zel g\u00fcnleri sadece kutlamakla kalm\u0131yor, ayn\u0131 zamanda \u00e7ocuklar\u0131m\u0131zla ebeveynleri aras\u0131nda g\u00fc\u00e7l\u00fc ba\u011flar kurulmas\u0131n\u0131 sa\u011flayacak etkinlikler d\u00fczenliyoruz. Bug\u00fcn burada hem e\u011flendik hem de annelerimizin de\u011ferini bir kez daha hep birlikte hissettik&#8221; dedi.<br \/>\n<br \/>Kat\u0131l\u0131mc\u0131lar organizasyon i\u00e7in merkeze te\u015fekk\u00fcr etti.<br \/><\/p>\n","protected":false},"excerpt":{"rendered":"<p>MAN\u0130SA (\u0130HA) \u2013 Manisa B\u00fcy\u00fck\u015fehir Belediyesi b\u00fcnyesinde faaliyet g\u00f6steren Yuvam Atat\u00fcrk Kentpark \u00c7ocuk E\u011fitim Merkezi\u2019nde Anneler G\u00fcn\u00fc dolay\u0131s\u0131yla renkli bir etkinlik d\u00fczenlendi. Etkinlikte anneler ve \u00e7ocuklar birlikte yar\u0131\u015fmalara kat\u0131ld\u0131, oyunlar oynad\u0131 ve unutulmaz anlar ya\u015fand\u0131. Anneler G\u00fcn\u00fc kapsam\u0131nda d\u00fczenlenen kutlama program\u0131nda, merkezde e\u011fitim g\u00f6ren \u00e7ocuklar anneleriyle birlikte \u00e7e\u015fitli etkinliklere kat\u0131larak, keyifli vakit ge\u00e7irdi. Halat \u00e7ekme,&#8230;<\/p>\n","protected":false},"author":1,"featured_media":27855,"comment_status":"open","ping_status":"open","sticky":false,"template":"","format":"standard","meta":{"_crdt_document":"","footnotes":""},"categories":[1],"tags":[],"class_list":["post-27854","post","type-post","status-publish","format-standard","has-post-thumbnail","hentry","category-guncel"],"_links":{"self":[{"href":"https:\/\/www.egemtv.com\/index.php?rest_route=\/wp\/v2\/posts\/27854","targetHints":{"allow":["GET"]}}],"collection":[{"href":"https:\/\/www.egemtv.com\/index.php?rest_route=\/wp\/v2\/posts"}],"about":[{"href":"https:\/\/www.egemtv.com\/index.php?rest_route=\/wp\/v2\/types\/post"}],"author":[{"embeddable":true,"href":"https:\/\/www.egemtv.com\/index.php?rest_route=\/wp\/v2\/users\/1"}],"replies":[{"embeddable":true,"href":"https:\/\/www.egemtv.com\/index.php?rest_route=%2Fwp%2Fv2%2Fcomments&post=27854"}],"version-history":[{"count":1,"href":"https:\/\/www.egemtv.com\/index.php?rest_route=\/wp\/v2\/posts\/27854\/revisions"}],"predecessor-version":[{"id":27856,"href":"https:\/\/www.egemtv.com\/index.php?rest_route=\/wp\/v2\/posts\/27854\/revisions\/27856"}],"wp:featuredmedia":[{"embeddable":true,"href":"https:\/\/www.egemtv.com\/index.php?rest_route=\/wp\/v2\/media\/27855"}],"wp:attachment":[{"href":"https:\/\/www.egemtv.com\/index.php?rest_route=%2Fwp%2Fv2%2Fmedia&parent=27854"}],"wp:term":[{"taxonomy":"category","embeddable":true,"href":"https:\/\/www.egemtv.com\/index.php?rest_route=%2Fwp%2Fv2%2Fcategories&post=27854"},{"taxonomy":"post_tag","embeddable":true,"href":"https:\/\/www.egemtv.com\/index.php?rest_route=%2Fwp%2Fv2%2Ftags&post=27854"}],"curies":[{"name":"wp","href":"https:\/\/api.w.org\/{rel}","templated":true}]}}