{"id":27851,"date":"2025-05-11T11:16:38","date_gmt":"2025-05-11T08:16:38","guid":{"rendered":"https:\/\/www.egemtv.com\/?p=27851"},"modified":"2025-05-11T11:16:44","modified_gmt":"2025-05-11T08:16:44","slug":"vali-yigitbasi-bik-uyelerine-frig-vadisini-gezdirdi","status":"publish","type":"post","link":"https:\/\/www.egemtv.com\/?p=27851","title":{"rendered":"Vali Yi\u011fitba\u015f\u0131 B\u0130K \u00fcyelerine Frig Vadisi\u2019ni gezdirdi"},"content":{"rendered":"<p>Afyonkarahisar Valisi Do\u00e7. Dr. K\u00fcbra G\u00fcran Yi\u011fitba\u015f\u0131, Bas\u0131n \u0130lan Kurumu (B\u0130K) Y\u00f6netim Kurulu \u00fcyelerine Frig Vadisi\u2019ni gezdirdi.<br \/>\n<br \/>Tarihi Frig Vadisi\u2019nin kalbinde yer alan Ayazini K\u00f6y\u00fc, kaya mezarlar\u0131, s\u0131\u011f\u0131naklar, kiliseler ve oyma kaya yap\u0131lar\u0131yla ziyaret\u00e7ilerine adeta bir a\u00e7\u0131k hava m\u00fczesi sunuyor. Ziyaret s\u0131ras\u0131nda heyet, Frigler d\u00f6nemine ait bu e\u015fsiz yap\u0131lar\u0131 yerinde inceledi ve b\u00f6lgenin mistik atmosferinde tarihle i\u00e7 i\u00e7e bir yolculu\u011fa \u00e7\u0131kt\u0131.<br \/>\n<br \/>Vali Yi\u011fitba\u015f\u0131, misafirlerine Afyonkarahisar\u2019\u0131n sahip oldu\u011fu tarihi ve k\u00fclt\u00fcrel zenginlikler hakk\u0131nda bilgi vererek, b\u00f6lgenin korunmas\u0131 ve tan\u0131t\u0131lmas\u0131 ad\u0131na y\u00fcr\u00fct\u00fclen \u00e7al\u0131\u015fmalara dikkat \u00e7ekti. Ziyaretin ard\u0131ndan konuklar, b\u00f6lgenin tarihi dokusundan olduk\u00e7a etkilendiklerini ifade etti.<br \/><\/p>\n","protected":false},"excerpt":{"rendered":"<p>Afyonkarahisar Valisi Do\u00e7. Dr. K\u00fcbra G\u00fcran Yi\u011fitba\u015f\u0131, Bas\u0131n \u0130lan Kurumu (B\u0130K) Y\u00f6netim Kurulu \u00fcyelerine Frig Vadisi\u2019ni gezdirdi. Tarihi Frig Vadisi\u2019nin kalbinde yer alan Ayazini K\u00f6y\u00fc, kaya mezarlar\u0131, s\u0131\u011f\u0131naklar, kiliseler ve oyma kaya yap\u0131lar\u0131yla ziyaret\u00e7ilerine adeta bir a\u00e7\u0131k hava m\u00fczesi sunuyor. Ziyaret s\u0131ras\u0131nda heyet, Frigler d\u00f6nemine ait bu e\u015fsiz yap\u0131lar\u0131 yerinde inceledi ve b\u00f6lgenin mistik atmosferinde&#8230;<\/p>\n","protected":false},"author":1,"featured_media":27852,"comment_status":"open","ping_status":"open","sticky":false,"template":"","format":"standard","meta":{"_crdt_document":"","footnotes":""},"categories":[1],"tags":[],"class_list":["post-27851","post","type-post","status-publish","format-standard","has-post-thumbnail","hentry","category-guncel"],"_links":{"self":[{"href":"https:\/\/www.egemtv.com\/index.php?rest_route=\/wp\/v2\/posts\/27851","targetHints":{"allow":["GET"]}}],"collection":[{"href":"https:\/\/www.egemtv.com\/index.php?rest_route=\/wp\/v2\/posts"}],"about":[{"href":"https:\/\/www.egemtv.com\/index.php?rest_route=\/wp\/v2\/types\/post"}],"author":[{"embeddable":true,"href":"https:\/\/www.egemtv.com\/index.php?rest_route=\/wp\/v2\/users\/1"}],"replies":[{"embeddable":true,"href":"https:\/\/www.egemtv.com\/index.php?rest_route=%2Fwp%2Fv2%2Fcomments&post=27851"}],"version-history":[{"count":1,"href":"https:\/\/www.egemtv.com\/index.php?rest_route=\/wp\/v2\/posts\/27851\/revisions"}],"predecessor-version":[{"id":27853,"href":"https:\/\/www.egemtv.com\/index.php?rest_route=\/wp\/v2\/posts\/27851\/revisions\/27853"}],"wp:featuredmedia":[{"embeddable":true,"href":"https:\/\/www.egemtv.com\/index.php?rest_route=\/wp\/v2\/media\/27852"}],"wp:attachment":[{"href":"https:\/\/www.egemtv.com\/index.php?rest_route=%2Fwp%2Fv2%2Fmedia&parent=27851"}],"wp:term":[{"taxonomy":"category","embeddable":true,"href":"https:\/\/www.egemtv.com\/index.php?rest_route=%2Fwp%2Fv2%2Fcategories&post=27851"},{"taxonomy":"post_tag","embeddable":true,"href":"https:\/\/www.egemtv.com\/index.php?rest_route=%2Fwp%2Fv2%2Ftags&post=27851"}],"curies":[{"name":"wp","href":"https:\/\/api.w.org\/{rel}","templated":true}]}}