{"id":27845,"date":"2025-05-11T11:16:29","date_gmt":"2025-05-11T08:16:29","guid":{"rendered":"https:\/\/www.egemtv.com\/?p=27845"},"modified":"2025-05-11T11:16:34","modified_gmt":"2025-05-11T08:16:34","slug":"dinarda-orman-benim-etkinligi","status":"publish","type":"post","link":"https:\/\/www.egemtv.com\/?p=27845","title":{"rendered":"Dinar\u2019da \u2019Orman Benim\u2019 etkinli\u011fi"},"content":{"rendered":"<p>Afyonkarahisar\u2019\u0131n Dinar il\u00e7esindeki P\u0131narl\u0131 Tabiat Park\u0131\u2019nda, &#8220;Orman Benim&#8221; projesi \u00e7er\u00e7evesinde \u00e7evre temizli\u011fi ve kat\u0131 at\u0131k toplama etkinli\u011fi d\u00fczenlendi.<br \/>\n<br \/>Etkinlik Orman \u0130\u015fletme M\u00fcd\u00fcrl\u00fc\u011f\u00fc koordinesinde yap\u0131ld\u0131. Etkinli\u011fe Dinar Kaymakam\u0131 Kemal Duru, Cumhuriyet Ba\u015fsavc\u0131s\u0131 Emre Vurmaz, kurum amirleri ve \u00f6\u011frenciler kat\u0131ld\u0131. Programda konu\u015fan Kaymakam Duru, iklim de\u011fi\u015fikli\u011fi ve k\u00fcresel \u0131s\u0131nman\u0131n etkisiyle en fazla art\u0131\u015f g\u00f6steren afetlerin ba\u015f\u0131nda orman yang\u0131nlar\u0131n\u0131n geldi\u011fini vurgulad\u0131. Etkinlik boyunca \u00f6\u011frenciler ve g\u00f6n\u00fcll\u00fcler, ormanl\u0131k alanda \u00e7evre temizli\u011fi yaparak kampanyaya destek verdi.<br \/><\/p>\n","protected":false},"excerpt":{"rendered":"<p>Afyonkarahisar\u2019\u0131n Dinar il\u00e7esindeki P\u0131narl\u0131 Tabiat Park\u0131\u2019nda, &#8220;Orman Benim&#8221; projesi \u00e7er\u00e7evesinde \u00e7evre temizli\u011fi ve kat\u0131 at\u0131k toplama etkinli\u011fi d\u00fczenlendi. Etkinlik Orman \u0130\u015fletme M\u00fcd\u00fcrl\u00fc\u011f\u00fc koordinesinde yap\u0131ld\u0131. Etkinli\u011fe Dinar Kaymakam\u0131 Kemal Duru, Cumhuriyet Ba\u015fsavc\u0131s\u0131 Emre Vurmaz, kurum amirleri ve \u00f6\u011frenciler kat\u0131ld\u0131. Programda konu\u015fan Kaymakam Duru, iklim de\u011fi\u015fikli\u011fi ve k\u00fcresel \u0131s\u0131nman\u0131n etkisiyle en fazla art\u0131\u015f g\u00f6steren afetlerin ba\u015f\u0131nda orman&#8230;<\/p>\n","protected":false},"author":1,"featured_media":27846,"comment_status":"open","ping_status":"open","sticky":false,"template":"","format":"standard","meta":{"_crdt_document":"","footnotes":""},"categories":[1],"tags":[],"class_list":["post-27845","post","type-post","status-publish","format-standard","has-post-thumbnail","hentry","category-guncel"],"_links":{"self":[{"href":"https:\/\/www.egemtv.com\/index.php?rest_route=\/wp\/v2\/posts\/27845","targetHints":{"allow":["GET"]}}],"collection":[{"href":"https:\/\/www.egemtv.com\/index.php?rest_route=\/wp\/v2\/posts"}],"about":[{"href":"https:\/\/www.egemtv.com\/index.php?rest_route=\/wp\/v2\/types\/post"}],"author":[{"embeddable":true,"href":"https:\/\/www.egemtv.com\/index.php?rest_route=\/wp\/v2\/users\/1"}],"replies":[{"embeddable":true,"href":"https:\/\/www.egemtv.com\/index.php?rest_route=%2Fwp%2Fv2%2Fcomments&post=27845"}],"version-history":[{"count":1,"href":"https:\/\/www.egemtv.com\/index.php?rest_route=\/wp\/v2\/posts\/27845\/revisions"}],"predecessor-version":[{"id":27847,"href":"https:\/\/www.egemtv.com\/index.php?rest_route=\/wp\/v2\/posts\/27845\/revisions\/27847"}],"wp:featuredmedia":[{"embeddable":true,"href":"https:\/\/www.egemtv.com\/index.php?rest_route=\/wp\/v2\/media\/27846"}],"wp:attachment":[{"href":"https:\/\/www.egemtv.com\/index.php?rest_route=%2Fwp%2Fv2%2Fmedia&parent=27845"}],"wp:term":[{"taxonomy":"category","embeddable":true,"href":"https:\/\/www.egemtv.com\/index.php?rest_route=%2Fwp%2Fv2%2Fcategories&post=27845"},{"taxonomy":"post_tag","embeddable":true,"href":"https:\/\/www.egemtv.com\/index.php?rest_route=%2Fwp%2Fv2%2Ftags&post=27845"}],"curies":[{"name":"wp","href":"https:\/\/api.w.org\/{rel}","templated":true}]}}