{"id":27842,"date":"2025-05-11T11:16:25","date_gmt":"2025-05-11T08:16:25","guid":{"rendered":"https:\/\/www.egemtv.com\/?p=27842"},"modified":"2025-05-11T11:16:29","modified_gmt":"2025-05-11T08:16:29","slug":"sehit-onder-ozenin-ailesine-verdigi-evi-yenileme-sozunu-devlet-gerceklestirecek","status":"publish","type":"post","link":"https:\/\/www.egemtv.com\/?p=27842","title":{"rendered":"\u015eehit \u00d6nder \u00d6zen\u2019in ailesine verdi\u011fi evi yenileme s\u00f6z\u00fcn\u00fc devlet ger\u00e7ekle\u015ftirecek"},"content":{"rendered":"<p>Kuzey Irak\u2019ta Pen\u00e7e operasyonunda ge\u00e7ti\u011fimiz hafta \u015fehit olan Piyade S\u00f6zle\u015fmeli Er \u00d6nder \u00d6zen\u2019in ailesine memleketlerindeki evi yenileme s\u00f6z\u00fc, devlet taraf\u0131ndan yerine getirilecek.<br \/>\n<br \/>Afyonkarahisar\u2019\u0131n Sinanpa\u015fa il\u00e7esine ba\u011fl\u0131 \u00c7oban\u00f6z\u00fc k\u00f6y\u00fc n\u00fcfusuna kay\u0131tl\u0131 olan \u015fehit Piyade S\u00f6zle\u015fmeli Er \u00d6nder \u00d6zen\u2019in \u015fehit olmadan \u00f6nce ailesine verdi\u011fi ev yenileme s\u00f6z\u00fcn\u00fc devlet yerine getirecek. Afyonkarahisar Valisi Do\u00e7. Dr. K\u00fcbra G\u00fcran Yi\u011fitba\u015f\u0131\u2019n\u0131n talimat\u0131yla Sinanpa\u015fa Kaymakaml\u0131\u011f\u0131 koordinesinde k\u00f6ydeki babaevinde bak\u0131m ve onar\u0131m \u00e7al\u0131\u015fmalar\u0131 ba\u015flat\u0131lacak.<br \/>\n<br \/>Vali Yi\u011fitba\u015f\u0131, \u015fehidin ailesiyle video konferans y\u00f6ntemiyle bir g\u00f6r\u00fc\u015fme ger\u00e7ekle\u015ftirdi. G\u00f6r\u00fc\u015fmede aileye ba\u015fsa\u011fl\u0131\u011f\u0131 dileyen Yi\u011fitba\u015f\u0131, devletin her zaman \u015fehit yak\u0131nlar\u0131n\u0131n yan\u0131nda oldu\u011funu vurgulad\u0131. Duygusal anlar\u0131n ya\u015fand\u0131\u011f\u0131 g\u00f6r\u00fc\u015fmede, evin yenilenmesine y\u00f6nelik \u00e7al\u0131\u015fmalara en k\u0131sa s\u00fcrede ba\u015flanaca\u011f\u0131 belirtildi.<br \/>\n<br \/>Sinanpa\u015fa Kaymakam\u0131 Emrah Aslan ise yapt\u0131\u011f\u0131 a\u00e7\u0131klamada \u015fu ifadeleri kulland\u0131:<br \/>\n<br \/>&#8220;Ge\u00e7ti\u011fimiz hafta \u00d6nder karde\u015fimizi ebediyete u\u011furlad\u0131k. Bug\u00fcn de onun k\u00f6y\u00fcndeyiz. Say\u0131n Valimizin talimatlar\u0131yla \u015fehidimizin do\u011fup b\u00fcy\u00fcd\u00fc\u011f\u00fc evin onar\u0131m\u0131yla ilgili \u00e7al\u0131\u015fmalar\u0131 ba\u015flatt\u0131k. \u0130n\u015fallah en k\u0131sa zamanda onun aziz hat\u0131ras\u0131na yak\u0131\u015f\u0131r \u015fekilde bu evi yeniden aya\u011fa kald\u0131raca\u011f\u0131z. Ailesine kar\u015f\u0131 olan sorumlulu\u011fumuzu devlet olarak yerine getirece\u011fiz. \u015eehidimize Allah\u2019tan rahmet diliyorum. Mek\u00e2n\u0131 cennet olsun.&#8221;<br \/>\n<br \/>\u015eehidin babas\u0131 Hasan \u00d6zen ise yapt\u0131\u011f\u0131 a\u00e7\u0131klamada o\u011flunun evle ilgili hayalini \u015f\u00f6yle anlatt\u0131:<br \/>\n<br \/>&#8220;O\u011flum \u00d6nder, Kurban Bayram\u0131\u2019nda izne gelecekti. Geldi\u011finde evi y\u0131k\u0131p, askeriyeden kredi \u00e7ekerek yeniden yapt\u0131racakt\u0131. Bu onun hayaliydi. Ama nasip \u015fehitlik oldu. Allah devletimizden raz\u0131 olsun. Say\u0131n Valimiz, Kaymakam\u0131m\u0131z ve t\u00fcm yetkililer bizimle yak\u0131ndan ilgilendi. Her iste\u011fi yerine getiriliyor. Allah hepsinden raz\u0131 olsun. O\u011flumun vasiyeti devletimiz sayesinde ger\u00e7ekle\u015fiyor.&#8221;<br \/>\n<br \/>\u015eehit \u00d6zen\u2019in babaevindeki bak\u0131m ve onar\u0131m \u00e7al\u0131\u015fmalar\u0131n\u0131n \u00f6n\u00fcm\u00fczdeki g\u00fcnlerde tamamlanarak, evin ailesine teslim edilmesi bekleniyor.<br \/><\/p>\n","protected":false},"excerpt":{"rendered":"<p>Kuzey Irak\u2019ta Pen\u00e7e operasyonunda ge\u00e7ti\u011fimiz hafta \u015fehit olan Piyade S\u00f6zle\u015fmeli Er \u00d6nder \u00d6zen\u2019in ailesine memleketlerindeki evi yenileme s\u00f6z\u00fc, devlet taraf\u0131ndan yerine getirilecek. Afyonkarahisar\u2019\u0131n Sinanpa\u015fa il\u00e7esine ba\u011fl\u0131 \u00c7oban\u00f6z\u00fc k\u00f6y\u00fc n\u00fcfusuna kay\u0131tl\u0131 olan \u015fehit Piyade S\u00f6zle\u015fmeli Er \u00d6nder \u00d6zen\u2019in \u015fehit olmadan \u00f6nce ailesine verdi\u011fi ev yenileme s\u00f6z\u00fcn\u00fc devlet yerine getirecek. Afyonkarahisar Valisi Do\u00e7. Dr. K\u00fcbra G\u00fcran Yi\u011fitba\u015f\u0131\u2019n\u0131n&#8230;<\/p>\n","protected":false},"author":1,"featured_media":27843,"comment_status":"open","ping_status":"open","sticky":false,"template":"","format":"standard","meta":{"_crdt_document":"","footnotes":""},"categories":[1],"tags":[],"class_list":["post-27842","post","type-post","status-publish","format-standard","has-post-thumbnail","hentry","category-guncel"],"_links":{"self":[{"href":"https:\/\/www.egemtv.com\/index.php?rest_route=\/wp\/v2\/posts\/27842","targetHints":{"allow":["GET"]}}],"collection":[{"href":"https:\/\/www.egemtv.com\/index.php?rest_route=\/wp\/v2\/posts"}],"about":[{"href":"https:\/\/www.egemtv.com\/index.php?rest_route=\/wp\/v2\/types\/post"}],"author":[{"embeddable":true,"href":"https:\/\/www.egemtv.com\/index.php?rest_route=\/wp\/v2\/users\/1"}],"replies":[{"embeddable":true,"href":"https:\/\/www.egemtv.com\/index.php?rest_route=%2Fwp%2Fv2%2Fcomments&post=27842"}],"version-history":[{"count":1,"href":"https:\/\/www.egemtv.com\/index.php?rest_route=\/wp\/v2\/posts\/27842\/revisions"}],"predecessor-version":[{"id":27844,"href":"https:\/\/www.egemtv.com\/index.php?rest_route=\/wp\/v2\/posts\/27842\/revisions\/27844"}],"wp:featuredmedia":[{"embeddable":true,"href":"https:\/\/www.egemtv.com\/index.php?rest_route=\/wp\/v2\/media\/27843"}],"wp:attachment":[{"href":"https:\/\/www.egemtv.com\/index.php?rest_route=%2Fwp%2Fv2%2Fmedia&parent=27842"}],"wp:term":[{"taxonomy":"category","embeddable":true,"href":"https:\/\/www.egemtv.com\/index.php?rest_route=%2Fwp%2Fv2%2Fcategories&post=27842"},{"taxonomy":"post_tag","embeddable":true,"href":"https:\/\/www.egemtv.com\/index.php?rest_route=%2Fwp%2Fv2%2Ftags&post=27842"}],"curies":[{"name":"wp","href":"https:\/\/api.w.org\/{rel}","templated":true}]}}