{"id":27839,"date":"2025-05-11T11:16:21","date_gmt":"2025-05-11T08:16:21","guid":{"rendered":"https:\/\/www.egemtv.com\/?p=27839"},"modified":"2025-05-11T11:16:25","modified_gmt":"2025-05-11T08:16:25","slug":"buyuksehir-destek-verdi-minik-eller-anneler-icin-calisti","status":"publish","type":"post","link":"https:\/\/www.egemtv.com\/?p=27839","title":{"rendered":"B\u00fcy\u00fck\u015fehir destek verdi minik eller \u2018anneler\u2019 i\u00e7in \u00e7al\u0131\u015ft\u0131"},"content":{"rendered":"<p>Ayd\u0131n B\u00fcy\u00fck\u015fehir Belediyesi\u2019nin fidanl\u0131\u011f\u0131n\u0131 ziyaret eden minik \u00f6\u011frenciler, anneleri i\u00e7in en g\u00fczel \u00e7i\u00e7ekleri kendi elleriyle diktiler.<br \/>\n<br \/>Ayd\u0131n B\u00fcy\u00fck\u015fehir Belediye Ba\u015fkan\u0131 \u00d6zlem \u00c7er\u00e7io\u011flu\u2019nun \u00f6nc\u00fcl\u00fc\u011f\u00fcnde B\u00fcy\u00fck\u015fehir Belediyesi taraf\u0131ndan \u00e7ocuklar\u0131n geli\u015fimlerine destek olmak amac\u0131yla hayata ge\u00e7irilen \u00e7al\u0131\u015fmalar ve uygulamalar devam ediyor. Bu \u00e7er\u00e7evede Cumhuriyet \u0130lkokulu \u00f6\u011frencileri derslerini Ayd\u0131n B\u00fcy\u00fck\u015fehir Belediyesi\u2019nin Mimar Sinan Mahallesi\u2019ndeki fidanl\u0131\u011f\u0131nda i\u015fledi. B\u00fcy\u00fck\u015fehir Belediyesi Park ve Bah\u00e7eler Dairesi Ba\u015fkanl\u0131\u011f\u0131\u2019n\u0131n personellerinden fide dikmeyi \u00f6\u011frenen \u00e7ocuklar, bitkilerin geli\u015fim s\u00fcre\u00e7leri konusunda da bilgilendirildi. \u00c7ocuklar\u0131n ki\u015fisel geli\u015fimlerine uygulamal\u0131 e\u011fitimlerle destek olan B\u00fcy\u00fck\u015fehir Belediyesi, ilkokul \u00f6\u011frencilerine bitkilerle ilgili e\u011fitim verdi. \u00c7ocuklar, B\u00fcy\u00fck\u015fehir Belediyesi fidanl\u0131\u011f\u0131nda yeti\u015ftirilen bitkilerin \u00f6zelliklerinin ve \u00fcretimlerinin nas\u0131l yap\u0131ld\u0131\u011f\u0131n\u0131n anlat\u0131ld\u0131\u011f\u0131 derste uygulamal\u0131 olarak fide dikimi de ger\u00e7ekle\u015ftirdi.<\/p>\n<p>Do\u011fan\u0131n korunmas\u0131n\u0131n \u00f6neminin de anlat\u0131ld\u0131\u011f\u0131 derste \u00e7ocuklar, Anneler G\u00fcn\u00fc\u2019nde annelerine hediye etmek i\u00e7in \u00e7i\u00e7ek dikti. Annelerine rengarenk \u00e7i\u00e7ekler ile s\u00fcrprizler haz\u0131rlayan minik \u00f6\u011frencilerin mutluluklar\u0131 ve ne\u015feleri B\u00fcy\u00fck\u015fehir Belediyesi\u2019nin fidanl\u0131\u011f\u0131n\u0131 s\u00fcsledi. \u00c7ocuklar\u0131n her zaman yanlar\u0131nda olduklar\u0131n\u0131 ifade eden Ayd\u0131n B\u00fcy\u00fck\u015fehir Belediye Ba\u015fkan\u0131 \u00d6zlem \u00c7er\u00e7io\u011flu, \u00f6\u011frencileri misafir etmekten mutluluk duyduklar\u0131n\u0131 belirtti.<br \/><\/p>\n","protected":false},"excerpt":{"rendered":"<p>Ayd\u0131n B\u00fcy\u00fck\u015fehir Belediyesi\u2019nin fidanl\u0131\u011f\u0131n\u0131 ziyaret eden minik \u00f6\u011frenciler, anneleri i\u00e7in en g\u00fczel \u00e7i\u00e7ekleri kendi elleriyle diktiler. Ayd\u0131n B\u00fcy\u00fck\u015fehir Belediye Ba\u015fkan\u0131 \u00d6zlem \u00c7er\u00e7io\u011flu\u2019nun \u00f6nc\u00fcl\u00fc\u011f\u00fcnde B\u00fcy\u00fck\u015fehir Belediyesi taraf\u0131ndan \u00e7ocuklar\u0131n geli\u015fimlerine destek olmak amac\u0131yla hayata ge\u00e7irilen \u00e7al\u0131\u015fmalar ve uygulamalar devam ediyor. Bu \u00e7er\u00e7evede Cumhuriyet \u0130lkokulu \u00f6\u011frencileri derslerini Ayd\u0131n B\u00fcy\u00fck\u015fehir Belediyesi\u2019nin Mimar Sinan Mahallesi\u2019ndeki fidanl\u0131\u011f\u0131nda i\u015fledi. B\u00fcy\u00fck\u015fehir Belediyesi Park&#8230;<\/p>\n","protected":false},"author":1,"featured_media":27840,"comment_status":"open","ping_status":"open","sticky":false,"template":"","format":"standard","meta":{"_crdt_document":"","footnotes":""},"categories":[1],"tags":[],"class_list":["post-27839","post","type-post","status-publish","format-standard","has-post-thumbnail","hentry","category-guncel"],"_links":{"self":[{"href":"https:\/\/www.egemtv.com\/index.php?rest_route=\/wp\/v2\/posts\/27839","targetHints":{"allow":["GET"]}}],"collection":[{"href":"https:\/\/www.egemtv.com\/index.php?rest_route=\/wp\/v2\/posts"}],"about":[{"href":"https:\/\/www.egemtv.com\/index.php?rest_route=\/wp\/v2\/types\/post"}],"author":[{"embeddable":true,"href":"https:\/\/www.egemtv.com\/index.php?rest_route=\/wp\/v2\/users\/1"}],"replies":[{"embeddable":true,"href":"https:\/\/www.egemtv.com\/index.php?rest_route=%2Fwp%2Fv2%2Fcomments&post=27839"}],"version-history":[{"count":1,"href":"https:\/\/www.egemtv.com\/index.php?rest_route=\/wp\/v2\/posts\/27839\/revisions"}],"predecessor-version":[{"id":27841,"href":"https:\/\/www.egemtv.com\/index.php?rest_route=\/wp\/v2\/posts\/27839\/revisions\/27841"}],"wp:featuredmedia":[{"embeddable":true,"href":"https:\/\/www.egemtv.com\/index.php?rest_route=\/wp\/v2\/media\/27840"}],"wp:attachment":[{"href":"https:\/\/www.egemtv.com\/index.php?rest_route=%2Fwp%2Fv2%2Fmedia&parent=27839"}],"wp:term":[{"taxonomy":"category","embeddable":true,"href":"https:\/\/www.egemtv.com\/index.php?rest_route=%2Fwp%2Fv2%2Fcategories&post=27839"},{"taxonomy":"post_tag","embeddable":true,"href":"https:\/\/www.egemtv.com\/index.php?rest_route=%2Fwp%2Fv2%2Ftags&post=27839"}],"curies":[{"name":"wp","href":"https:\/\/api.w.org\/{rel}","templated":true}]}}