{"id":27836,"date":"2025-05-11T11:16:16","date_gmt":"2025-05-11T08:16:16","guid":{"rendered":"https:\/\/www.egemtv.com\/?p=27836"},"modified":"2025-05-11T11:16:21","modified_gmt":"2025-05-11T08:16:21","slug":"diyanet-genclik-merkezinden-sinav-oncesi-moral-piknigi","status":"publish","type":"post","link":"https:\/\/www.egemtv.com\/?p=27836","title":{"rendered":"Diyanet Gen\u00e7lik Merkezi\u2019nden s\u0131nav \u00f6ncesi moral pikni\u011fi"},"content":{"rendered":"<p>Afyonkarahisar Diyanet Gen\u00e7lik Merkezi, s\u0131nav d\u00f6nemi \u00f6ncesinde gen\u00e7lerin moral ve motivasyonlar\u0131n\u0131 art\u0131rmak amac\u0131yla do\u011fa ile i\u00e7 i\u00e7e bir piknik etkinli\u011fi d\u00fczenledi.<br \/>\n<br \/>Samimi bir ortamda ger\u00e7ekle\u015ftirilen programa \u0130l M\u00fcft\u00fc Vekili Mevl\u00fct \u015eahiner de kat\u0131larak gen\u00e7lerle bir araya geldi ve ba\u015far\u0131 dileklerini iletti. Etkinlik kapsam\u0131nda sportif oyunlar, e\u011flenceli aktiviteler ve \u00e7e\u015fitli ikramlar yer ald\u0131. Gen\u00e7ler, yo\u011fun s\u0131nav temposu \u00f6ncesinde hem stres att\u0131 hem de sosyal ba\u011flar\u0131n\u0131 g\u00fc\u00e7lendirme imk\u00e2n\u0131 buldu. Program\u0131n sonunda kat\u0131l\u0131mc\u0131lar, bu t\u00fcr etkinliklerin kendilerini motive etti\u011fini belirterek eme\u011fi ge\u00e7enlere te\u015fekk\u00fcr etti.<br \/><\/p>\n","protected":false},"excerpt":{"rendered":"<p>Afyonkarahisar Diyanet Gen\u00e7lik Merkezi, s\u0131nav d\u00f6nemi \u00f6ncesinde gen\u00e7lerin moral ve motivasyonlar\u0131n\u0131 art\u0131rmak amac\u0131yla do\u011fa ile i\u00e7 i\u00e7e bir piknik etkinli\u011fi d\u00fczenledi. Samimi bir ortamda ger\u00e7ekle\u015ftirilen programa \u0130l M\u00fcft\u00fc Vekili Mevl\u00fct \u015eahiner de kat\u0131larak gen\u00e7lerle bir araya geldi ve ba\u015far\u0131 dileklerini iletti. Etkinlik kapsam\u0131nda sportif oyunlar, e\u011flenceli aktiviteler ve \u00e7e\u015fitli ikramlar yer ald\u0131. Gen\u00e7ler, yo\u011fun s\u0131nav&#8230;<\/p>\n","protected":false},"author":1,"featured_media":27837,"comment_status":"open","ping_status":"open","sticky":false,"template":"","format":"standard","meta":{"_crdt_document":"","footnotes":""},"categories":[1],"tags":[],"class_list":["post-27836","post","type-post","status-publish","format-standard","has-post-thumbnail","hentry","category-guncel"],"_links":{"self":[{"href":"https:\/\/www.egemtv.com\/index.php?rest_route=\/wp\/v2\/posts\/27836","targetHints":{"allow":["GET"]}}],"collection":[{"href":"https:\/\/www.egemtv.com\/index.php?rest_route=\/wp\/v2\/posts"}],"about":[{"href":"https:\/\/www.egemtv.com\/index.php?rest_route=\/wp\/v2\/types\/post"}],"author":[{"embeddable":true,"href":"https:\/\/www.egemtv.com\/index.php?rest_route=\/wp\/v2\/users\/1"}],"replies":[{"embeddable":true,"href":"https:\/\/www.egemtv.com\/index.php?rest_route=%2Fwp%2Fv2%2Fcomments&post=27836"}],"version-history":[{"count":1,"href":"https:\/\/www.egemtv.com\/index.php?rest_route=\/wp\/v2\/posts\/27836\/revisions"}],"predecessor-version":[{"id":27838,"href":"https:\/\/www.egemtv.com\/index.php?rest_route=\/wp\/v2\/posts\/27836\/revisions\/27838"}],"wp:featuredmedia":[{"embeddable":true,"href":"https:\/\/www.egemtv.com\/index.php?rest_route=\/wp\/v2\/media\/27837"}],"wp:attachment":[{"href":"https:\/\/www.egemtv.com\/index.php?rest_route=%2Fwp%2Fv2%2Fmedia&parent=27836"}],"wp:term":[{"taxonomy":"category","embeddable":true,"href":"https:\/\/www.egemtv.com\/index.php?rest_route=%2Fwp%2Fv2%2Fcategories&post=27836"},{"taxonomy":"post_tag","embeddable":true,"href":"https:\/\/www.egemtv.com\/index.php?rest_route=%2Fwp%2Fv2%2Ftags&post=27836"}],"curies":[{"name":"wp","href":"https:\/\/api.w.org\/{rel}","templated":true}]}}