{"id":27830,"date":"2025-05-11T10:57:02","date_gmt":"2025-05-11T07:57:02","guid":{"rendered":"https:\/\/www.egemtv.com\/?p=27830"},"modified":"2025-05-11T10:57:07","modified_gmt":"2025-05-11T07:57:07","slug":"kendi-sardiklari-tutunleri-piyasaya-suren-2-kisi-yakalandi","status":"publish","type":"post","link":"https:\/\/www.egemtv.com\/?p=27830","title":{"rendered":"Kendi sard\u0131klar\u0131 t\u00fct\u00fcnleri piyasaya s\u00fcren 2 ki\u015fi yakaland\u0131"},"content":{"rendered":"<p>Ayd\u0131n\u2019\u0131n Efeler il\u00e7esinde kendi sard\u0131klar\u0131 t\u00fct\u00fcnleri piyasaya s\u00fcren 2 ki\u015fi, jandarma ekiplerince yap\u0131lan operasyonla yakaland\u0131.<br \/>\n<br \/>Ayd\u0131n \u0130l Jandarma Komutanl\u0131\u011f\u0131 KOM \u015eube M\u00fcd\u00fcrl\u00fc\u011f\u00fc ve Efeler \u0130l\u00e7e Jandarma Komutanl\u0131\u011f\u0131nca koordineli olarak t\u00fct\u00fcn ka\u00e7ak\u00e7\u0131l\u0131\u011f\u0131 ve ticaretine y\u00f6nelik \u00e7al\u0131\u015fma ger\u00e7ekle\u015ftirildi. Edinilen bilgiye g\u00f6re ekipler, E.A. ve G.\u00d6. isimli 2 \u015f\u00fcphelinin, Efeler il\u00e7esinde iki mahallede sigara sar\u0131m\u0131 yaparak piyasaya s\u00fcrd\u00fckleri bilgisine ula\u015ft\u0131. Operasyon i\u00e7in harekete ge\u00e7en ekipler, \u015fah\u0131slar\u0131n i\u015f yeri ve ikametlerine bask\u0131n d\u00fczenledi. Yap\u0131lan aramalarda 350 bin TL de\u011ferinde 3 adet elektrikli sigara sarma makinesi, 298 bin adet i\u00e7i t\u00fct\u00fcn doldurulmu\u015f makaron, 110 bin adet sahte bandroll\u00fc ve bandrols\u00fcz bo\u015f makaron ile 40 kilo k\u0131y\u0131lm\u0131\u015f a\u00e7\u0131k t\u00fct\u00fcn ele ge\u00e7irildi. Yakalanarak g\u00f6zalt\u0131na al\u0131nan 2 \u015f\u00fcpheli hakk\u0131nda ba\u015flat\u0131lan adli ve idari s\u00fcre\u00e7 devam ediyor.<br \/><\/p>\n","protected":false},"excerpt":{"rendered":"<p>Ayd\u0131n\u2019\u0131n Efeler il\u00e7esinde kendi sard\u0131klar\u0131 t\u00fct\u00fcnleri piyasaya s\u00fcren 2 ki\u015fi, jandarma ekiplerince yap\u0131lan operasyonla yakaland\u0131. Ayd\u0131n \u0130l Jandarma Komutanl\u0131\u011f\u0131 KOM \u015eube M\u00fcd\u00fcrl\u00fc\u011f\u00fc ve Efeler \u0130l\u00e7e Jandarma Komutanl\u0131\u011f\u0131nca koordineli olarak t\u00fct\u00fcn ka\u00e7ak\u00e7\u0131l\u0131\u011f\u0131 ve ticaretine y\u00f6nelik \u00e7al\u0131\u015fma ger\u00e7ekle\u015ftirildi. Edinilen bilgiye g\u00f6re ekipler, E.A. ve G.\u00d6. isimli 2 \u015f\u00fcphelinin, Efeler il\u00e7esinde iki mahallede sigara sar\u0131m\u0131 yaparak piyasaya s\u00fcrd\u00fckleri&#8230;<\/p>\n","protected":false},"author":1,"featured_media":27831,"comment_status":"open","ping_status":"open","sticky":false,"template":"","format":"standard","meta":{"_crdt_document":"","footnotes":""},"categories":[5],"tags":[],"class_list":["post-27830","post","type-post","status-publish","format-standard","has-post-thumbnail","hentry","category-asayis"],"_links":{"self":[{"href":"https:\/\/www.egemtv.com\/index.php?rest_route=\/wp\/v2\/posts\/27830","targetHints":{"allow":["GET"]}}],"collection":[{"href":"https:\/\/www.egemtv.com\/index.php?rest_route=\/wp\/v2\/posts"}],"about":[{"href":"https:\/\/www.egemtv.com\/index.php?rest_route=\/wp\/v2\/types\/post"}],"author":[{"embeddable":true,"href":"https:\/\/www.egemtv.com\/index.php?rest_route=\/wp\/v2\/users\/1"}],"replies":[{"embeddable":true,"href":"https:\/\/www.egemtv.com\/index.php?rest_route=%2Fwp%2Fv2%2Fcomments&post=27830"}],"version-history":[{"count":1,"href":"https:\/\/www.egemtv.com\/index.php?rest_route=\/wp\/v2\/posts\/27830\/revisions"}],"predecessor-version":[{"id":27832,"href":"https:\/\/www.egemtv.com\/index.php?rest_route=\/wp\/v2\/posts\/27830\/revisions\/27832"}],"wp:featuredmedia":[{"embeddable":true,"href":"https:\/\/www.egemtv.com\/index.php?rest_route=\/wp\/v2\/media\/27831"}],"wp:attachment":[{"href":"https:\/\/www.egemtv.com\/index.php?rest_route=%2Fwp%2Fv2%2Fmedia&parent=27830"}],"wp:term":[{"taxonomy":"category","embeddable":true,"href":"https:\/\/www.egemtv.com\/index.php?rest_route=%2Fwp%2Fv2%2Fcategories&post=27830"},{"taxonomy":"post_tag","embeddable":true,"href":"https:\/\/www.egemtv.com\/index.php?rest_route=%2Fwp%2Fv2%2Ftags&post=27830"}],"curies":[{"name":"wp","href":"https:\/\/api.w.org\/{rel}","templated":true}]}}