{"id":27827,"date":"2025-05-11T10:56:53","date_gmt":"2025-05-11T07:56:53","guid":{"rendered":"https:\/\/www.egemtv.com\/?p=27827"},"modified":"2025-05-11T10:57:02","modified_gmt":"2025-05-11T07:57:02","slug":"kaybolan-8-yasindaki-cocugu-jandarma-kisa-surede-buldu","status":"publish","type":"post","link":"https:\/\/www.egemtv.com\/?p=27827","title":{"rendered":"Kaybolan 8 ya\u015f\u0131ndaki \u00e7ocu\u011fu jandarma k\u0131sa s\u00fcrede buldu"},"content":{"rendered":"<p>Ayd\u0131n\u2019\u0131n \u0130ncirliova il\u00e7esinde bir d\u00fc\u011f\u00fcne gelen ve kaybolan 8 ya\u015f\u0131ndaki Y.A., jandarma ekiplerince d\u00fc\u011f\u00fcn yerinden 2 kilometre uzakl\u0131kta bulundu.<br \/>\n<br \/>Olay, \u0130ncirliova il\u00e7esi \u0130stiklal Mahallesi\u2019nde meydana geldi. Edinilen bilgiye g\u00f6re akrabalar\u0131n\u0131n d\u00fc\u011f\u00fcn\u00fcne gelen ailenin Y.A. (8) isimli \u00e7ocu\u011fu, d\u00fcn saat 14.30 s\u0131ralar\u0131nda kayboldu. \u00c7ocu\u011fun kayboldu\u011funu fark eden aile, durumu 112 Acil \u00c7a\u011fr\u0131 Merkezi\u2019ne bildirdi. \u0130hbar \u00fczerine b\u00f6lgeye jandarma ekipleri sevk edildi. K\u0131sa s\u00fcrede olay yerine gelen \u0130ncirliova \u0130l\u00e7e Jandarma Komutanl\u0131\u011f\u0131nca yap\u0131lan ara\u015ft\u0131rma ve arazi aramas\u0131 sonucunda kay\u0131p \u00e7ocuk, ayn\u0131 g\u00fcn saat 17.30 s\u0131ralar\u0131nda d\u00fc\u011f\u00fcn yerinden 2 kilometre uzakl\u0131kta zeytinlik alanda bulundu. Sa\u011fl\u0131kl\u0131 bir \u015fekilde bulunan k\u00fc\u00e7\u00fck Y.A. ailesine teslim edildi.<br \/><\/p>\n","protected":false},"excerpt":{"rendered":"<p>Ayd\u0131n\u2019\u0131n \u0130ncirliova il\u00e7esinde bir d\u00fc\u011f\u00fcne gelen ve kaybolan 8 ya\u015f\u0131ndaki Y.A., jandarma ekiplerince d\u00fc\u011f\u00fcn yerinden 2 kilometre uzakl\u0131kta bulundu. Olay, \u0130ncirliova il\u00e7esi \u0130stiklal Mahallesi\u2019nde meydana geldi. Edinilen bilgiye g\u00f6re akrabalar\u0131n\u0131n d\u00fc\u011f\u00fcn\u00fcne gelen ailenin Y.A. (8) isimli \u00e7ocu\u011fu, d\u00fcn saat 14.30 s\u0131ralar\u0131nda kayboldu. \u00c7ocu\u011fun kayboldu\u011funu fark eden aile, durumu 112 Acil \u00c7a\u011fr\u0131 Merkezi\u2019ne bildirdi. \u0130hbar \u00fczerine&#8230;<\/p>\n","protected":false},"author":1,"featured_media":27828,"comment_status":"open","ping_status":"open","sticky":false,"template":"","format":"standard","meta":{"_crdt_document":"","footnotes":""},"categories":[5],"tags":[],"class_list":["post-27827","post","type-post","status-publish","format-standard","has-post-thumbnail","hentry","category-asayis"],"_links":{"self":[{"href":"https:\/\/www.egemtv.com\/index.php?rest_route=\/wp\/v2\/posts\/27827","targetHints":{"allow":["GET"]}}],"collection":[{"href":"https:\/\/www.egemtv.com\/index.php?rest_route=\/wp\/v2\/posts"}],"about":[{"href":"https:\/\/www.egemtv.com\/index.php?rest_route=\/wp\/v2\/types\/post"}],"author":[{"embeddable":true,"href":"https:\/\/www.egemtv.com\/index.php?rest_route=\/wp\/v2\/users\/1"}],"replies":[{"embeddable":true,"href":"https:\/\/www.egemtv.com\/index.php?rest_route=%2Fwp%2Fv2%2Fcomments&post=27827"}],"version-history":[{"count":1,"href":"https:\/\/www.egemtv.com\/index.php?rest_route=\/wp\/v2\/posts\/27827\/revisions"}],"predecessor-version":[{"id":27829,"href":"https:\/\/www.egemtv.com\/index.php?rest_route=\/wp\/v2\/posts\/27827\/revisions\/27829"}],"wp:featuredmedia":[{"embeddable":true,"href":"https:\/\/www.egemtv.com\/index.php?rest_route=\/wp\/v2\/media\/27828"}],"wp:attachment":[{"href":"https:\/\/www.egemtv.com\/index.php?rest_route=%2Fwp%2Fv2%2Fmedia&parent=27827"}],"wp:term":[{"taxonomy":"category","embeddable":true,"href":"https:\/\/www.egemtv.com\/index.php?rest_route=%2Fwp%2Fv2%2Fcategories&post=27827"},{"taxonomy":"post_tag","embeddable":true,"href":"https:\/\/www.egemtv.com\/index.php?rest_route=%2Fwp%2Fv2%2Ftags&post=27827"}],"curies":[{"name":"wp","href":"https:\/\/api.w.org\/{rel}","templated":true}]}}