{"id":27824,"date":"2025-05-11T10:56:50","date_gmt":"2025-05-11T07:56:50","guid":{"rendered":"https:\/\/www.egemtv.com\/?p=27824"},"modified":"2025-05-11T10:56:53","modified_gmt":"2025-05-11T07:56:53","slug":"izmirde-dogal-gaz-patlamasi-4-yarali","status":"publish","type":"post","link":"https:\/\/www.egemtv.com\/?p=27824","title":{"rendered":"\u0130zmir\u2019de do\u011fal gaz patlamas\u0131: 4 yaral\u0131"},"content":{"rendered":"<p>\u0130zmir\u2019in Bornova il\u00e7esinde, bir apartman dairesinde meydana gelen do\u011fal gaz patlamas\u0131nda 4 ki\u015fi yaraland\u0131. Patlaman\u0131n ard\u0131ndan \u00e7\u0131kan yang\u0131n itfaiye ekiplerince s\u00f6nd\u00fcr\u00fcl\u00fcrken, daire kullan\u0131lamaz hale geldi.<br \/>\n<br \/>Olay, saat 00.15 s\u0131ralar\u0131nda Kaz\u0131mdirik Mahallesi 162. Sokak\u2019ta bulunan 7 katl\u0131 bir apartman\u0131n 3\u2019\u00fcnc\u00fc kat\u0131nda meydana geldi. Edinilen bilgiye g\u00f6re, dairede gaz s\u0131z\u0131nt\u0131s\u0131 sonucu \u015fiddetli bir patlama ya\u015fand\u0131. Patlaman\u0131n etkisiyle dairede yang\u0131n \u00e7\u0131karken, \u00e7evredeki vatanda\u015flar\u0131n ihbar\u0131 \u00fczerine olay yerine \u00e7ok say\u0131da itfaiye, sa\u011fl\u0131k ve polis ekibi sevk edildi. \u0130tfaiye ekipleri alevlere k\u0131sa s\u00fcrede m\u00fcdahale ederek yang\u0131n\u0131 kontrol alt\u0131na al\u0131rken binada mahsur kalan vatanda\u015flar g\u00fcvenli \u015fekilde tahliye edildi. Ya\u015fanan patlama ve ard\u0131ndan \u00e7\u0131kan yang\u0131nda, 4 ki\u015fi yaraland\u0131. Yaral\u0131lar, olay yerindeki ilk m\u00fcdahalelerinin ard\u0131ndan Ege \u00dcniversitesi T\u0131p Fak\u00fcltesi Hastanesi\u2019ne kald\u0131r\u0131ld\u0131. Patlaman\u0131n meydana geldi\u011fi daire tamamen kullan\u0131lamaz hale gelirken, olayla ilgili soru\u015fturma ba\u015flat\u0131ld\u0131.<br \/><\/p>\n","protected":false},"excerpt":{"rendered":"<p>\u0130zmir\u2019in Bornova il\u00e7esinde, bir apartman dairesinde meydana gelen do\u011fal gaz patlamas\u0131nda 4 ki\u015fi yaraland\u0131. Patlaman\u0131n ard\u0131ndan \u00e7\u0131kan yang\u0131n itfaiye ekiplerince s\u00f6nd\u00fcr\u00fcl\u00fcrken, daire kullan\u0131lamaz hale geldi. Olay, saat 00.15 s\u0131ralar\u0131nda Kaz\u0131mdirik Mahallesi 162. Sokak\u2019ta bulunan 7 katl\u0131 bir apartman\u0131n 3\u2019\u00fcnc\u00fc kat\u0131nda meydana geldi. Edinilen bilgiye g\u00f6re, dairede gaz s\u0131z\u0131nt\u0131s\u0131 sonucu \u015fiddetli bir patlama ya\u015fand\u0131. Patlaman\u0131n etkisiyle&#8230;<\/p>\n","protected":false},"author":1,"featured_media":27825,"comment_status":"open","ping_status":"open","sticky":false,"template":"","format":"standard","meta":{"_crdt_document":"","footnotes":""},"categories":[5],"tags":[],"class_list":["post-27824","post","type-post","status-publish","format-standard","has-post-thumbnail","hentry","category-asayis"],"_links":{"self":[{"href":"https:\/\/www.egemtv.com\/index.php?rest_route=\/wp\/v2\/posts\/27824","targetHints":{"allow":["GET"]}}],"collection":[{"href":"https:\/\/www.egemtv.com\/index.php?rest_route=\/wp\/v2\/posts"}],"about":[{"href":"https:\/\/www.egemtv.com\/index.php?rest_route=\/wp\/v2\/types\/post"}],"author":[{"embeddable":true,"href":"https:\/\/www.egemtv.com\/index.php?rest_route=\/wp\/v2\/users\/1"}],"replies":[{"embeddable":true,"href":"https:\/\/www.egemtv.com\/index.php?rest_route=%2Fwp%2Fv2%2Fcomments&post=27824"}],"version-history":[{"count":1,"href":"https:\/\/www.egemtv.com\/index.php?rest_route=\/wp\/v2\/posts\/27824\/revisions"}],"predecessor-version":[{"id":27826,"href":"https:\/\/www.egemtv.com\/index.php?rest_route=\/wp\/v2\/posts\/27824\/revisions\/27826"}],"wp:featuredmedia":[{"embeddable":true,"href":"https:\/\/www.egemtv.com\/index.php?rest_route=\/wp\/v2\/media\/27825"}],"wp:attachment":[{"href":"https:\/\/www.egemtv.com\/index.php?rest_route=%2Fwp%2Fv2%2Fmedia&parent=27824"}],"wp:term":[{"taxonomy":"category","embeddable":true,"href":"https:\/\/www.egemtv.com\/index.php?rest_route=%2Fwp%2Fv2%2Fcategories&post=27824"},{"taxonomy":"post_tag","embeddable":true,"href":"https:\/\/www.egemtv.com\/index.php?rest_route=%2Fwp%2Fv2%2Ftags&post=27824"}],"curies":[{"name":"wp","href":"https:\/\/api.w.org\/{rel}","templated":true}]}}