{"id":27818,"date":"2025-05-11T10:35:45","date_gmt":"2025-05-11T07:35:45","guid":{"rendered":"https:\/\/www.egemtv.com\/?p=27818"},"modified":"2025-05-11T10:35:50","modified_gmt":"2025-05-11T07:35:50","slug":"izmirde-11-yilla-aranan-firari-hukumlu-yakalandi","status":"publish","type":"post","link":"https:\/\/www.egemtv.com\/?p=27818","title":{"rendered":"\u0130zmir\u2019de 11 y\u0131lla aranan firari h\u00fck\u00fcml\u00fc yakaland\u0131"},"content":{"rendered":"<p>\u0130zmir\u2019de hakk\u0131nda 11 y\u0131l kesinle\u015fmi\u015f hapis cezas\u0131 bulunan firari h\u00fck\u00fcml\u00fc, polis ekipleri taraf\u0131ndan yakalan\u0131p cezaevine g\u00f6nderildi.<br \/>\n<br \/>Edinilen bilgiye g\u00f6re, Asayi\u015f \u015eube M\u00fcd\u00fcrl\u00fc\u011f\u00fcne ba\u011fl\u0131 motosikletli polis ekipleri taraf\u0131ndan aranan \u015fah\u0131slar\u0131n yakalanmas\u0131na y\u00f6nelik yap\u0131lan \u00e7al\u0131\u015fmalar kapsam\u0131nda \u0130.A. isimli \u015fah\u0131s durduruldu. \u015e\u00fcpheli \u015fahs\u0131n yap\u0131lan sorgusunda &#8220;Uyu\u015fturucu, uyar\u0131c\u0131 madde kullanmak ve h\u00fck\u00fcml\u00fcn\u00fcn ka\u00e7mas\u0131&#8221; su\u00e7lar\u0131ndan 11 y\u0131l 1 ay 10 g\u00fcn kesinle\u015fmi\u015f hapis cezas\u0131 ile arand\u0131\u011f\u0131 tespit edildi. Polis ekiplerince g\u00f6zalt\u0131na al\u0131nan M.\u00d6. emniyetteki i\u015flemlerinin ard\u0131ndan adli mercilerce tutuklanarak cezaevine g\u00f6nderildi.<br \/><\/p>\n","protected":false},"excerpt":{"rendered":"<p>\u0130zmir\u2019de hakk\u0131nda 11 y\u0131l kesinle\u015fmi\u015f hapis cezas\u0131 bulunan firari h\u00fck\u00fcml\u00fc, polis ekipleri taraf\u0131ndan yakalan\u0131p cezaevine g\u00f6nderildi. Edinilen bilgiye g\u00f6re, Asayi\u015f \u015eube M\u00fcd\u00fcrl\u00fc\u011f\u00fcne ba\u011fl\u0131 motosikletli polis ekipleri taraf\u0131ndan aranan \u015fah\u0131slar\u0131n yakalanmas\u0131na y\u00f6nelik yap\u0131lan \u00e7al\u0131\u015fmalar kapsam\u0131nda \u0130.A. isimli \u015fah\u0131s durduruldu. \u015e\u00fcpheli \u015fahs\u0131n yap\u0131lan sorgusunda &#8220;Uyu\u015fturucu, uyar\u0131c\u0131 madde kullanmak ve h\u00fck\u00fcml\u00fcn\u00fcn ka\u00e7mas\u0131&#8221; su\u00e7lar\u0131ndan 11 y\u0131l 1 ay 10&#8230;<\/p>\n","protected":false},"author":1,"featured_media":27819,"comment_status":"open","ping_status":"open","sticky":false,"template":"","format":"standard","meta":{"_crdt_document":"","footnotes":""},"categories":[5],"tags":[],"class_list":["post-27818","post","type-post","status-publish","format-standard","has-post-thumbnail","hentry","category-asayis"],"_links":{"self":[{"href":"https:\/\/www.egemtv.com\/index.php?rest_route=\/wp\/v2\/posts\/27818","targetHints":{"allow":["GET"]}}],"collection":[{"href":"https:\/\/www.egemtv.com\/index.php?rest_route=\/wp\/v2\/posts"}],"about":[{"href":"https:\/\/www.egemtv.com\/index.php?rest_route=\/wp\/v2\/types\/post"}],"author":[{"embeddable":true,"href":"https:\/\/www.egemtv.com\/index.php?rest_route=\/wp\/v2\/users\/1"}],"replies":[{"embeddable":true,"href":"https:\/\/www.egemtv.com\/index.php?rest_route=%2Fwp%2Fv2%2Fcomments&post=27818"}],"version-history":[{"count":1,"href":"https:\/\/www.egemtv.com\/index.php?rest_route=\/wp\/v2\/posts\/27818\/revisions"}],"predecessor-version":[{"id":27820,"href":"https:\/\/www.egemtv.com\/index.php?rest_route=\/wp\/v2\/posts\/27818\/revisions\/27820"}],"wp:featuredmedia":[{"embeddable":true,"href":"https:\/\/www.egemtv.com\/index.php?rest_route=\/wp\/v2\/media\/27819"}],"wp:attachment":[{"href":"https:\/\/www.egemtv.com\/index.php?rest_route=%2Fwp%2Fv2%2Fmedia&parent=27818"}],"wp:term":[{"taxonomy":"category","embeddable":true,"href":"https:\/\/www.egemtv.com\/index.php?rest_route=%2Fwp%2Fv2%2Fcategories&post=27818"},{"taxonomy":"post_tag","embeddable":true,"href":"https:\/\/www.egemtv.com\/index.php?rest_route=%2Fwp%2Fv2%2Ftags&post=27818"}],"curies":[{"name":"wp","href":"https:\/\/api.w.org\/{rel}","templated":true}]}}