{"id":27815,"date":"2025-05-11T10:19:29","date_gmt":"2025-05-11T07:19:29","guid":{"rendered":"https:\/\/www.egemtv.com\/?p=27815"},"modified":"2025-05-11T10:20:01","modified_gmt":"2025-05-11T07:20:01","slug":"cesitli-suclardan-aranan-sahislar-nazillide-yakalandi","status":"publish","type":"post","link":"https:\/\/www.egemtv.com\/?p=27815","title":{"rendered":"\u00c7e\u015fitli su\u00e7lardan aranan \u015fah\u0131slar Nazilli\u2019de yakaland\u0131"},"content":{"rendered":"<p>Ayd\u0131n\u2019\u0131n Nazilli il\u00e7esinde \u00e7e\u015fitli su\u00e7lardan aranan 2 ki\u015fi, jandarma ekiplerince k\u0131sk\u0131vrak yakaland\u0131.<\/p>\n<p>Nazilli \u0130l\u00e7e Jandarma Komutanl\u0131\u011f\u0131 JASAT Timlerince aranan \u015fah\u0131slar\u0131n yakalanmas\u0131na y\u00f6nelik \u00e7al\u0131\u015fma ger\u00e7ekle\u015ftirildi. Edinilen bilgiye g\u00f6re ekipler, &#8220;Silah ile Ya\u011fma&#8221; su\u00e7undan aranan ve hakk\u0131nda 6 y\u0131l 6 ay kesinle\u015fmi\u015f hapis cezas\u0131 bulunan S.C.K. (38) isimli aranan \u015fahs\u0131 Durasall\u0131 Mahallesi\u2019nde yakalad\u0131. &#8220;Uyu\u015fturucu ve Uyar\u0131c\u0131 Madde \u0130mal ve Ticareti Yapma ve Sa\u011flama&#8221; su\u00e7undan aranan ve hakk\u0131nda 5 y\u0131l 6 ay kesinle\u015fmi\u015f hapis cezas\u0131 bulunan M.K. (38) ise G\u00fczelk\u00f6y Mahallesi\u2019nde yakaland\u0131. \u015e\u00fcpheliler,  gerekli i\u015flemlerinin ard\u0131ndan sevk edildi\u011fi adli makamlarca tutuklanarak cezaevine g\u00f6nderildi.<br \/><\/p>\n","protected":false},"excerpt":{"rendered":"<p>Ayd\u0131n\u2019\u0131n Nazilli il\u00e7esinde \u00e7e\u015fitli su\u00e7lardan aranan 2 ki\u015fi, jandarma ekiplerince k\u0131sk\u0131vrak yakaland\u0131. Nazilli \u0130l\u00e7e Jandarma Komutanl\u0131\u011f\u0131 JASAT Timlerince aranan \u015fah\u0131slar\u0131n yakalanmas\u0131na y\u00f6nelik \u00e7al\u0131\u015fma ger\u00e7ekle\u015ftirildi. Edinilen bilgiye g\u00f6re ekipler, &#8220;Silah ile Ya\u011fma&#8221; su\u00e7undan aranan ve hakk\u0131nda 6 y\u0131l 6 ay kesinle\u015fmi\u015f hapis cezas\u0131 bulunan S.C.K. (38) isimli aranan \u015fahs\u0131 Durasall\u0131 Mahallesi\u2019nde yakalad\u0131. &#8220;Uyu\u015fturucu ve Uyar\u0131c\u0131 Madde&#8230;<\/p>\n","protected":false},"author":1,"featured_media":27816,"comment_status":"open","ping_status":"open","sticky":false,"template":"","format":"standard","meta":{"_crdt_document":"","footnotes":""},"categories":[5],"tags":[],"class_list":["post-27815","post","type-post","status-publish","format-standard","has-post-thumbnail","hentry","category-asayis"],"_links":{"self":[{"href":"https:\/\/www.egemtv.com\/index.php?rest_route=\/wp\/v2\/posts\/27815","targetHints":{"allow":["GET"]}}],"collection":[{"href":"https:\/\/www.egemtv.com\/index.php?rest_route=\/wp\/v2\/posts"}],"about":[{"href":"https:\/\/www.egemtv.com\/index.php?rest_route=\/wp\/v2\/types\/post"}],"author":[{"embeddable":true,"href":"https:\/\/www.egemtv.com\/index.php?rest_route=\/wp\/v2\/users\/1"}],"replies":[{"embeddable":true,"href":"https:\/\/www.egemtv.com\/index.php?rest_route=%2Fwp%2Fv2%2Fcomments&post=27815"}],"version-history":[{"count":1,"href":"https:\/\/www.egemtv.com\/index.php?rest_route=\/wp\/v2\/posts\/27815\/revisions"}],"predecessor-version":[{"id":27817,"href":"https:\/\/www.egemtv.com\/index.php?rest_route=\/wp\/v2\/posts\/27815\/revisions\/27817"}],"wp:featuredmedia":[{"embeddable":true,"href":"https:\/\/www.egemtv.com\/index.php?rest_route=\/wp\/v2\/media\/27816"}],"wp:attachment":[{"href":"https:\/\/www.egemtv.com\/index.php?rest_route=%2Fwp%2Fv2%2Fmedia&parent=27815"}],"wp:term":[{"taxonomy":"category","embeddable":true,"href":"https:\/\/www.egemtv.com\/index.php?rest_route=%2Fwp%2Fv2%2Fcategories&post=27815"},{"taxonomy":"post_tag","embeddable":true,"href":"https:\/\/www.egemtv.com\/index.php?rest_route=%2Fwp%2Fv2%2Ftags&post=27815"}],"curies":[{"name":"wp","href":"https:\/\/api.w.org\/{rel}","templated":true}]}}