{"id":27812,"date":"2025-05-11T10:18:45","date_gmt":"2025-05-11T07:18:45","guid":{"rendered":"https:\/\/www.egemtv.com\/?p=27812"},"modified":"2025-05-11T10:19:26","modified_gmt":"2025-05-11T07:19:26","slug":"bodrum-aciklarinda-arizalanan-tekneyi-kiyem-ekipleri-kurtardi","status":"publish","type":"post","link":"https:\/\/www.egemtv.com\/?p=27812","title":{"rendered":"Bodrum a\u00e7\u0131klar\u0131nda ar\u0131zalanan tekneyi KIYEM ekipleri kurtard\u0131"},"content":{"rendered":"<p>Mu\u011fla\u2019n\u0131n Bodrum il\u00e7esi Ortakent a\u00e7\u0131klar\u0131nda makine ar\u0131zas\u0131 nedeniyle s\u00fcr\u00fcklenen tekne K\u0131y\u0131 Emniyet Genel M\u00fcd\u00fcrl\u00fc\u011f\u00fc ekipleri taraf\u0131ndan kurtar\u0131ld\u0131.<br \/>\n<br \/>Bodrum Ortakent a\u00e7\u0131klar\u0131nda makine ar\u0131zas\u0131 nedeniyle s\u00fcr\u00fcklenen ve i\u00e7inde 1 ki\u015fi bulunan 7,5 metre boyundaki tekne, KIYEM-6 h\u0131zl\u0131 tahlisiye (can kurtarma) botumuzca yedeklenerek Bodrum Marina\u2019ya emniyetle yana\u015ft\u0131r\u0131ld\u0131.<br \/><\/p>\n","protected":false},"excerpt":{"rendered":"<p>Mu\u011fla\u2019n\u0131n Bodrum il\u00e7esi Ortakent a\u00e7\u0131klar\u0131nda makine ar\u0131zas\u0131 nedeniyle s\u00fcr\u00fcklenen tekne K\u0131y\u0131 Emniyet Genel M\u00fcd\u00fcrl\u00fc\u011f\u00fc ekipleri taraf\u0131ndan kurtar\u0131ld\u0131. Bodrum Ortakent a\u00e7\u0131klar\u0131nda makine ar\u0131zas\u0131 nedeniyle s\u00fcr\u00fcklenen ve i\u00e7inde 1 ki\u015fi bulunan 7,5 metre boyundaki tekne, KIYEM-6 h\u0131zl\u0131 tahlisiye (can kurtarma) botumuzca yedeklenerek Bodrum Marina\u2019ya emniyetle yana\u015ft\u0131r\u0131ld\u0131.<\/p>\n","protected":false},"author":1,"featured_media":27813,"comment_status":"open","ping_status":"open","sticky":false,"template":"","format":"standard","meta":{"_crdt_document":"","footnotes":""},"categories":[5],"tags":[],"class_list":["post-27812","post","type-post","status-publish","format-standard","has-post-thumbnail","hentry","category-asayis"],"_links":{"self":[{"href":"https:\/\/www.egemtv.com\/index.php?rest_route=\/wp\/v2\/posts\/27812","targetHints":{"allow":["GET"]}}],"collection":[{"href":"https:\/\/www.egemtv.com\/index.php?rest_route=\/wp\/v2\/posts"}],"about":[{"href":"https:\/\/www.egemtv.com\/index.php?rest_route=\/wp\/v2\/types\/post"}],"author":[{"embeddable":true,"href":"https:\/\/www.egemtv.com\/index.php?rest_route=\/wp\/v2\/users\/1"}],"replies":[{"embeddable":true,"href":"https:\/\/www.egemtv.com\/index.php?rest_route=%2Fwp%2Fv2%2Fcomments&post=27812"}],"version-history":[{"count":1,"href":"https:\/\/www.egemtv.com\/index.php?rest_route=\/wp\/v2\/posts\/27812\/revisions"}],"predecessor-version":[{"id":27814,"href":"https:\/\/www.egemtv.com\/index.php?rest_route=\/wp\/v2\/posts\/27812\/revisions\/27814"}],"wp:featuredmedia":[{"embeddable":true,"href":"https:\/\/www.egemtv.com\/index.php?rest_route=\/wp\/v2\/media\/27813"}],"wp:attachment":[{"href":"https:\/\/www.egemtv.com\/index.php?rest_route=%2Fwp%2Fv2%2Fmedia&parent=27812"}],"wp:term":[{"taxonomy":"category","embeddable":true,"href":"https:\/\/www.egemtv.com\/index.php?rest_route=%2Fwp%2Fv2%2Fcategories&post=27812"},{"taxonomy":"post_tag","embeddable":true,"href":"https:\/\/www.egemtv.com\/index.php?rest_route=%2Fwp%2Fv2%2Ftags&post=27812"}],"curies":[{"name":"wp","href":"https:\/\/api.w.org\/{rel}","templated":true}]}}