{"id":27773,"date":"2025-05-11T08:14:59","date_gmt":"2025-05-11T05:14:59","guid":{"rendered":"https:\/\/www.egemtv.com\/?p=27773"},"modified":"2025-05-11T08:15:05","modified_gmt":"2025-05-11T05:15:05","slug":"milletvekili-un-anneler-bir-milletin-vicdanini-ve-gelecegini-insa-eder","status":"publish","type":"post","link":"https:\/\/www.egemtv.com\/?p=27773","title":{"rendered":"Milletvekili \u00dcn: &#8220;Anneler, bir milletin vicdan\u0131n\u0131 ve gelece\u011fini in\u015fa eder&#8221;"},"content":{"rendered":"<p>Gelecek Partisi Denizli Milletvekili Sema Silkin \u00dcn, Anneler G\u00fcn\u00fc mesaj\u0131nda; &#8220;Annelik ne yaln\u0131zca biyolojik bir hal ne yaln\u0131zca aile sorumlulu\u011fudur, annelik milletleri ku\u015fatan hayati bir misyondur&#8221; dedi.<\/p>\n<p>Gelecek Partisi Denizli Milletvekili Sema Silkin \u00dcn, Anneler G\u00fcn\u00fc nedeniyle yay\u0131mlad\u0131\u011f\u0131 a\u00e7\u0131klamada, &#8220;Her b\u00fcy\u00fck de\u011fi\u015fim bir annenin iradesiyle ba\u015flar. Evlad\u0131na y\u00f6n veren her anne, asl\u0131nda bir \u00fclkenin y\u00f6n\u00fcn\u00fc belirler. Bug\u00fcn ahlaki de\u011ferlerden sosyal b\u00fct\u00fcnl\u00fc\u011fe kadar toplumda neyi ayakta tutabiliyorsak, bunun ilk kayna\u011f\u0131 annelerdir&#8221; dedi.<\/p>\n<p>Annelik sorumlulu\u011funun toplumsal yap\u0131n\u0131n ahlaki ve vicdani temelini olu\u015fturdu\u011funu ifade eden Milletvekili \u00dcn, annelerin eme\u011finin g\u00f6r\u00fcn\u00fcr k\u0131l\u0131nmad\u0131\u011f\u0131 ve y\u00fck\u00fcn\u00fcn hafifletilmedi\u011fi bir sistemin s\u00fcrd\u00fcr\u00fclebilir olamayaca\u011f\u0131n\u0131 dile getirdi. \u00dcn; &#8220;Annelerin haklar\u0131n\u0131 teslim etmeyen, ya\u015fam\u0131n\u0131 kolayla\u015ft\u0131rmayan, y\u00fck\u00fcn\u00fc payla\u015fmayan bir sistem s\u00fcrd\u00fcr\u00fclebilir de\u011fildir. Do\u011fum izni yetersizse, kre\u015f yoksa kad\u0131n g\u00fcvencesiz \u00e7al\u0131\u015f\u0131yorsa, ev kad\u0131nl\u0131\u011f\u0131 \u00e7ocuk bak\u0131m\u0131 de\u011fersiz g\u00f6r\u00fcl\u00fcyorsa biz o toplumda gelecekten bahsedemeyiz. Gelecek Partisi olarak kad\u0131nlar\u0131n ve annelerin ya\u015fam\u0131n\u0131 kolayla\u015ft\u0131ran, haklar\u0131n\u0131 g\u00fcvence alt\u0131na alan bir sosyal devlet anlay\u0131\u015f\u0131n\u0131 benimsiyoruz. Evlad\u0131n\u0131 vatan u\u011fruna topra\u011fa veren t\u00fcm annelerin \u00f6n\u00fcnde derin bir sayg\u0131yla e\u011filiyorum. Onlar\u0131n vakar\u0131, bu milletin onurudur. Hayatta olan t\u00fcm annelerimizin Anneler G\u00fcn\u00fc\u2019n\u00fc kutluyor, sa\u011fl\u0131k, g\u00fcven ve huzur dolu bir \u00f6m\u00fcr diliyorum. Anneler i\u00e7in verdi\u011fimiz adalet ve vicdan m\u00fccadelesi, bizim nesillere b\u0131rakaca\u011f\u0131m\u0131z en sa\u011flam mirast\u0131r&#8221; diye konu\u015ftu.<br \/><\/p>\n","protected":false},"excerpt":{"rendered":"<p>Gelecek Partisi Denizli Milletvekili Sema Silkin \u00dcn, Anneler G\u00fcn\u00fc mesaj\u0131nda; &#8220;Annelik ne yaln\u0131zca biyolojik bir hal ne yaln\u0131zca aile sorumlulu\u011fudur, annelik milletleri ku\u015fatan hayati bir misyondur&#8221; dedi. Gelecek Partisi Denizli Milletvekili Sema Silkin \u00dcn, Anneler G\u00fcn\u00fc nedeniyle yay\u0131mlad\u0131\u011f\u0131 a\u00e7\u0131klamada, &#8220;Her b\u00fcy\u00fck de\u011fi\u015fim bir annenin iradesiyle ba\u015flar. Evlad\u0131na y\u00f6n veren her anne, asl\u0131nda bir \u00fclkenin y\u00f6n\u00fcn\u00fc&#8230;<\/p>\n","protected":false},"author":1,"featured_media":27774,"comment_status":"open","ping_status":"open","sticky":false,"template":"","format":"standard","meta":{"_crdt_document":"","footnotes":""},"categories":[127],"tags":[],"class_list":["post-27773","post","type-post","status-publish","format-standard","has-post-thumbnail","hentry","category-siyaset"],"_links":{"self":[{"href":"https:\/\/www.egemtv.com\/index.php?rest_route=\/wp\/v2\/posts\/27773","targetHints":{"allow":["GET"]}}],"collection":[{"href":"https:\/\/www.egemtv.com\/index.php?rest_route=\/wp\/v2\/posts"}],"about":[{"href":"https:\/\/www.egemtv.com\/index.php?rest_route=\/wp\/v2\/types\/post"}],"author":[{"embeddable":true,"href":"https:\/\/www.egemtv.com\/index.php?rest_route=\/wp\/v2\/users\/1"}],"replies":[{"embeddable":true,"href":"https:\/\/www.egemtv.com\/index.php?rest_route=%2Fwp%2Fv2%2Fcomments&post=27773"}],"version-history":[{"count":1,"href":"https:\/\/www.egemtv.com\/index.php?rest_route=\/wp\/v2\/posts\/27773\/revisions"}],"predecessor-version":[{"id":27775,"href":"https:\/\/www.egemtv.com\/index.php?rest_route=\/wp\/v2\/posts\/27773\/revisions\/27775"}],"wp:featuredmedia":[{"embeddable":true,"href":"https:\/\/www.egemtv.com\/index.php?rest_route=\/wp\/v2\/media\/27774"}],"wp:attachment":[{"href":"https:\/\/www.egemtv.com\/index.php?rest_route=%2Fwp%2Fv2%2Fmedia&parent=27773"}],"wp:term":[{"taxonomy":"category","embeddable":true,"href":"https:\/\/www.egemtv.com\/index.php?rest_route=%2Fwp%2Fv2%2Fcategories&post=27773"},{"taxonomy":"post_tag","embeddable":true,"href":"https:\/\/www.egemtv.com\/index.php?rest_route=%2Fwp%2Fv2%2Ftags&post=27773"}],"curies":[{"name":"wp","href":"https:\/\/api.w.org\/{rel}","templated":true}]}}