{"id":27770,"date":"2025-05-11T00:35:31","date_gmt":"2025-05-10T21:35:31","guid":{"rendered":"https:\/\/www.egemtv.com\/?p=27770"},"modified":"2025-05-11T00:35:36","modified_gmt":"2025-05-10T21:35:36","slug":"turkiyenin-en-iyi-zipkincilari-didim-aciklarinda-yaristi","status":"publish","type":"post","link":"https:\/\/www.egemtv.com\/?p=27770","title":{"rendered":"T\u00fcrkiye\u2019nin en iyi z\u0131pk\u0131nc\u0131lar\u0131 Didim a\u00e7\u0131klar\u0131nda yar\u0131\u015ft\u0131"},"content":{"rendered":"<p>Z\u0131pk\u0131nla Bal\u0131k Av\u0131 Kul\u00fcpler Aras\u0131 T\u00fcrkiye \u015eampiyonas\u0131, 8 y\u0131l aran\u0131n ard\u0131ndan yeniden Didim\u2019de yap\u0131ld\u0131. Gen\u00e7lik ve Spor Bakanl\u0131\u011f\u0131 ile T\u00fcrkiye Sualt\u0131 Sporlar\u0131 Federasyonu \u00f6nc\u00fcl\u00fc\u011f\u00fcnde, Didim Kaymakaml\u0131\u011f\u0131 ve Didim Belediyesi\u2019nin katk\u0131lar\u0131yla organize edilen \u015fampiyonada nefes kesen anlar ya\u015fand\u0131.<br \/>\n<br \/>Son olarak 2017 y\u0131l\u0131nda ger\u00e7ekle\u015ftirilen \u015fampiyona, bu y\u0131l Didim a\u00e7\u0131klar\u0131nda yeniden hayat buldu. Sabah saatlerinde Alt\u0131nkum \u0130skelesi\u2019nden teknelerle denize a\u00e7\u0131lan sporcular, belirlenen alanlarda z\u0131pk\u0131nla bal\u0131k av\u0131na \u00e7\u0131kt\u0131. 11 ilden gelen 24 kul\u00fcb\u00fcn 27 tak\u0131m\u0131, 108 sporcu ile 5 saat boyunca su alt\u0131ndaki en de\u011ferli av i\u00e7in m\u00fccadele etti. Yar\u0131\u015fma sonunda k\u0131y\u0131ya getirilen bal\u0131klar, j\u00fcri heyeti taraf\u0131ndan puanlamaya tabi tutuldu. En y\u00fcksek puan\u0131 getirecek t\u00fcrler \u00fczerinden yap\u0131lan de\u011ferlendirmeyle dereceye girenler belirlendi.<\/p>\n<p>\u015eampiyonluk kupalar\u0131 sahiplerini buldu<br \/>\n<br \/>Yar\u0131\u015fma sonunda erkeklerde Ada Sualt\u0131 Spor Kul\u00fcb\u00fc \u015fampiyon olurken, \u0130stanbul Geli\u015fim \u00dcniversitesi Spor Kul\u00fcb\u00fc ikinci, \u0130stanbul Su Sporlar\u0131 Spor Kul\u00fcb\u00fc ise \u00fc\u00e7\u00fcnc\u00fc s\u0131rada yer ald\u0131. Kad\u0131nlarda ise diskalifiye nedeniyle tek ba\u015f\u0131na kalan \u0130stanbul Geli\u015fim \u00dcniversitesi Spor Kul\u00fcb\u00fc Kad\u0131n Tak\u0131m\u0131, \u015fampiyon ilan edildi. Didim\u2019i temsilen yar\u0131\u015fan Didim Belediyespor Spor Kul\u00fcb\u00fc, m\u00fccadeleyi 8. s\u0131rada tamamlad\u0131.<\/p>\n<p>Milli Tak\u0131m adaylar\u0131 da belirlenecek<br \/>\n<br \/>T\u00fcrkiye Sualt\u0131 Sporlar\u0131 Federasyonu Ba\u015fkan Dan\u0131\u015fman\u0131 ve Genel Direkt\u00f6r\u00fc \u0130rfan Kara, \u00f6d\u00fcl t\u00f6reninde yapt\u0131\u011f\u0131 a\u00e7\u0131klamada, ba\u015far\u0131l\u0131 sporculardan olu\u015facak Milli Tak\u0131m aday kadrosunun \u00f6n\u00fcm\u00fczdeki g\u00fcnlerde duyurulaca\u011f\u0131n\u0131 belirtti. Ayr\u0131ca, M\u0131s\u0131r\u2019da ger\u00e7ekle\u015ftirilen D\u00fcnya Sualt\u0131 Aktiviteleri Konfederasyonu (CMAS) se\u00e7imlerinde Federasyon Ba\u015fkan\u0131 Kadir Sa\u011flam\u2019\u0131n y\u00f6netim kurulu \u00fcyeli\u011fine se\u00e7ilmesiyle, T\u00fcrkiye\u2019nin sualt\u0131 sporlar\u0131nda uluslararas\u0131 d\u00fczeyde s\u00f6z sahibi konuma geldi\u011fini vurgulad\u0131.<\/p>\n<p>\u015eampiyona renkli g\u00f6r\u00fcnt\u00fclere sahne oldu<br \/>\n<br \/>\u00d6d\u00fcl t\u00f6renine Didim Kaymakam\u0131 Can Kaz\u0131m Kuruca, Didim Belediye Ba\u015fkan\u0131 Hatice Gen\u00e7ay, Ayd\u0131n Gen\u00e7lik ve Spor \u0130l M\u00fcd\u00fcr\u00fc Serhat Y\u0131\u011fmatepe, TCSG 21 Bot Komutan\u0131 \u00dcste\u011fmen \u0130smail \u00c7ilingir, Sahil G\u00fcvenlik Didim Kolluk Destek Tim Amiri Te\u011fmen Ahmet Kemal \u00d6cal, Didim \u0130l\u00e7e Tar\u0131m ve Orman M\u00fcd\u00fcr\u00fc Alamettin Hatipo\u011flu, kul\u00fcp temsilcileri, hakemler ve sporcular ile aileleri kat\u0131ld\u0131.<br \/>\n<br \/>Didim a\u00e7\u0131klar\u0131nda ger\u00e7ekle\u015fen prestijli organizasyon, hem yar\u0131\u015fmac\u0131lar hem de izleyiciler a\u00e7\u0131s\u0131ndan unutulmaz bir sualt\u0131 \u015f\u00f6lenine d\u00f6n\u00fc\u015ft\u00fc.<br \/><\/p>\n","protected":false},"excerpt":{"rendered":"<p>Z\u0131pk\u0131nla Bal\u0131k Av\u0131 Kul\u00fcpler Aras\u0131 T\u00fcrkiye \u015eampiyonas\u0131, 8 y\u0131l aran\u0131n ard\u0131ndan yeniden Didim\u2019de yap\u0131ld\u0131. Gen\u00e7lik ve Spor Bakanl\u0131\u011f\u0131 ile T\u00fcrkiye Sualt\u0131 Sporlar\u0131 Federasyonu \u00f6nc\u00fcl\u00fc\u011f\u00fcnde, Didim Kaymakaml\u0131\u011f\u0131 ve Didim Belediyesi\u2019nin katk\u0131lar\u0131yla organize edilen \u015fampiyonada nefes kesen anlar ya\u015fand\u0131. Son olarak 2017 y\u0131l\u0131nda ger\u00e7ekle\u015ftirilen \u015fampiyona, bu y\u0131l Didim a\u00e7\u0131klar\u0131nda yeniden hayat buldu. Sabah saatlerinde Alt\u0131nkum \u0130skelesi\u2019nden teknelerle&#8230;<\/p>\n","protected":false},"author":1,"featured_media":27771,"comment_status":"open","ping_status":"open","sticky":false,"template":"","format":"standard","meta":{"_crdt_document":"","footnotes":""},"categories":[1],"tags":[],"class_list":["post-27770","post","type-post","status-publish","format-standard","has-post-thumbnail","hentry","category-guncel"],"_links":{"self":[{"href":"https:\/\/www.egemtv.com\/index.php?rest_route=\/wp\/v2\/posts\/27770","targetHints":{"allow":["GET"]}}],"collection":[{"href":"https:\/\/www.egemtv.com\/index.php?rest_route=\/wp\/v2\/posts"}],"about":[{"href":"https:\/\/www.egemtv.com\/index.php?rest_route=\/wp\/v2\/types\/post"}],"author":[{"embeddable":true,"href":"https:\/\/www.egemtv.com\/index.php?rest_route=\/wp\/v2\/users\/1"}],"replies":[{"embeddable":true,"href":"https:\/\/www.egemtv.com\/index.php?rest_route=%2Fwp%2Fv2%2Fcomments&post=27770"}],"version-history":[{"count":1,"href":"https:\/\/www.egemtv.com\/index.php?rest_route=\/wp\/v2\/posts\/27770\/revisions"}],"predecessor-version":[{"id":27772,"href":"https:\/\/www.egemtv.com\/index.php?rest_route=\/wp\/v2\/posts\/27770\/revisions\/27772"}],"wp:featuredmedia":[{"embeddable":true,"href":"https:\/\/www.egemtv.com\/index.php?rest_route=\/wp\/v2\/media\/27771"}],"wp:attachment":[{"href":"https:\/\/www.egemtv.com\/index.php?rest_route=%2Fwp%2Fv2%2Fmedia&parent=27770"}],"wp:term":[{"taxonomy":"category","embeddable":true,"href":"https:\/\/www.egemtv.com\/index.php?rest_route=%2Fwp%2Fv2%2Fcategories&post=27770"},{"taxonomy":"post_tag","embeddable":true,"href":"https:\/\/www.egemtv.com\/index.php?rest_route=%2Fwp%2Fv2%2Ftags&post=27770"}],"curies":[{"name":"wp","href":"https:\/\/api.w.org\/{rel}","templated":true}]}}