{"id":27767,"date":"2025-05-10T22:55:25","date_gmt":"2025-05-10T19:55:25","guid":{"rendered":"https:\/\/www.egemtv.com\/?p=27767"},"modified":"2025-05-10T22:55:30","modified_gmt":"2025-05-10T19:55:30","slug":"kutahyada-1-yildir-kayip-genc-kizin-cinayete-kurban-gittigi-ortaya-cikti-7-kisi-tutuklandi","status":"publish","type":"post","link":"https:\/\/www.egemtv.com\/?p=27767","title":{"rendered":"K\u00fctahya\u2019da 1 y\u0131ld\u0131r kay\u0131p gen\u00e7 k\u0131z\u0131n cinayete kurban gitti\u011fi ortaya \u00e7\u0131kt\u0131: 7 ki\u015fi tutukland\u0131"},"content":{"rendered":"<p>K\u00fctahya\u2019da Nisan 2024\u2019ten bu yana kay\u0131p olan 19 ya\u015f\u0131ndaki Nagihan Uy\u011fur\u2019un cinayete kurban gitti\u011fi ortaya \u00e7\u0131kt\u0131. Polis ekiplerinin yo\u011fun \u00e7al\u0131\u015fmas\u0131 sonucu gen\u00e7 k\u0131z\u0131n cesedi, ailesine ait bir evin bah\u00e7esindeki kuyuda bulundu. Olayla ilgili 7 \u015f\u00fcpheli tutukland\u0131.<br \/>\n<br \/>K\u00fctahya \u0130l Emniyet M\u00fcd\u00fcrl\u00fc\u011f\u00fc\u2019ne 4 May\u0131s 2025 tarihinde ba\u015fvuran H.E.T., karde\u015fi Nagihan Uy\u011fur\u2019dan bir y\u0131ld\u0131r haber alamad\u0131\u011f\u0131n\u0131 bildirdi. Bunun \u00fczerine Cinayet B\u00fcro Amirli\u011fi ekipleri kay\u0131p \u015fahs\u0131n bulunmas\u0131 i\u00e7in kapsaml\u0131 bir \u00e7al\u0131\u015fma ba\u015flatt\u0131. Soru\u015fturma kapsam\u0131nda, aile bireylerinden O.\u00c7.\u2019nin ifadesine ba\u015fvuruldu. O.\u00c7., Nagihan Uy\u011fur\u2019un day\u0131s\u0131 Y.T. taraf\u0131ndan ge\u00e7mi\u015fte cinsel istismara u\u011frad\u0131\u011f\u0131n\u0131 ve bu durumun ailenin bilgisi dahilinde oldu\u011funu s\u00f6yledi. \u0130fadeye g\u00f6re, olay\u0131n duyulmas\u0131ndan korkan aile \u00fcyeleri, 2023 y\u0131l\u0131n\u0131n Eyl\u00fcl ay\u0131nda Nagihan Uy\u011fur\u2019u ortadan kald\u0131rma karar\u0131 ald\u0131.<\/p>\n<p>Cesedin \u00fczerinin moloz ve betonla kapat\u0131ld\u0131<br \/>\n<br \/>O.\u00c7., verdi\u011fi ifadede, Ekim 2023\u2019te day\u0131 Y.T.\u2019nin Nagihan\u2019\u0131 iple bo\u011farak \u00f6ld\u00fcrd\u00fc\u011f\u00fcn\u00fc ve cesedi evin bah\u00e7esindeki bir kuyuya att\u0131\u011f\u0131n\u0131 belirtti. O.\u00c7., cesedin \u00fczerinin moloz ve betonla kapat\u0131ld\u0131\u011f\u0131n\u0131, kendisinin de bu s\u00fcrece yard\u0131m etti\u011fini itiraf etti. Cinayetin i\u015flendi\u011fi B\u00f6rek\u00e7iler Mahallesi\u2019ndeki evin 2024 y\u0131l\u0131nda 1 milyon TL\u2019ye sat\u0131ld\u0131\u011f\u0131 tespit edildi.<br \/>\n<br \/>Polis ekiplerinin 8 May\u0131s sabah\u0131 olay yerinde yapt\u0131\u011f\u0131 kaz\u0131 \u00e7al\u0131\u015fmas\u0131nda, kay\u0131p Nagihan Uy\u011fur\u2019a ait oldu\u011fu belirlenen ceset bulundu. Ceset otopsi i\u015flemleri i\u00e7in \u0130stanbul Adli T\u0131p Kurumu\u2019na g\u00f6nderildi.<\/p>\n<p>Ailedeki 4 \u00e7ocuk Aile ve Sosyal Hizmetler \u0130l M\u00fcd\u00fcrl\u00fc\u011f\u00fc\u2019ne teslim edildi<br \/>\n<br \/>Olayla ilgili olarak g\u00f6zalt\u0131na al\u0131nan H.T. (23), H.E.T. (22), F.\u00c7. (62), E.S.T. (20), E.\u00c7. (35), H.T. (40), G.U. (15) ve O.\u00c7. (37) adl\u0131 \u015fah\u0131slardan 7\u2019si \u00e7\u0131kar\u0131ld\u0131klar\u0131 mahkemece tutuklanarak K\u00fctahya Kapal\u0131 Ceza \u0130nfaz Kurumu\u2019na g\u00f6nderildi. 15 ya\u015f\u0131ndaki G.U. savc\u0131l\u0131ktan serbest b\u0131rak\u0131l\u0131rken, ailede bulunan 4 \u00e7ocuk Aile ve Sosyal Hizmetler \u0130l M\u00fcd\u00fcrl\u00fc\u011f\u00fc\u2019ne teslim edildi.<br \/>\n<br \/>Yap\u0131lan ara\u015ft\u0131rmalarda, aile fertlerinin ge\u00e7mi\u015fte i\u015flenen ba\u015fka cinayetlerle de ba\u011flant\u0131l\u0131 oldu\u011fu belirlendi. Nagihan Uy\u011fur\u2019un babas\u0131 Mehmet Uy\u011fur\u2019un 2011 y\u0131l\u0131nda kayboldu\u011fu, daha sonra karde\u015fi Y.T. ve ye\u011feni H.U. taraf\u0131ndan \u00f6ld\u00fcr\u00fcld\u00fc\u011f\u00fc ortaya \u00e7\u0131km\u0131\u015ft\u0131. Y.T.\u2019nin bu olaydan sonra uzun s\u00fcre firari olarak ya\u015fad\u0131\u011f\u0131 ve son olarak 2021 y\u0131l\u0131nda K\u00fctahya\u2019ya ta\u015f\u0131nd\u0131\u011f\u0131 tespit edildi.<br \/>\n<br \/>Emniyet yetkilileri, ailenin toplumdan izole bir \u015fekilde ya\u015fad\u0131\u011f\u0131n\u0131, sosyal medya uygulamalar\u0131 d\u0131\u015f\u0131nda hi\u00e7bir ileti\u015fim y\u00f6ntemi kullanmad\u0131\u011f\u0131n\u0131 ve K\u00fctahya\u2019da depremzede olduklar\u0131n\u0131 s\u00f6yleyerek kimliklerini gizlediklerini belirtti.<br \/>\n<br \/>Soru\u015fturma s\u00fcr\u00fcyor.<br \/><\/p>\n","protected":false},"excerpt":{"rendered":"<p>K\u00fctahya\u2019da Nisan 2024\u2019ten bu yana kay\u0131p olan 19 ya\u015f\u0131ndaki Nagihan Uy\u011fur\u2019un cinayete kurban gitti\u011fi ortaya \u00e7\u0131kt\u0131. Polis ekiplerinin yo\u011fun \u00e7al\u0131\u015fmas\u0131 sonucu gen\u00e7 k\u0131z\u0131n cesedi, ailesine ait bir evin bah\u00e7esindeki kuyuda bulundu. Olayla ilgili 7 \u015f\u00fcpheli tutukland\u0131. K\u00fctahya \u0130l Emniyet M\u00fcd\u00fcrl\u00fc\u011f\u00fc\u2019ne 4 May\u0131s 2025 tarihinde ba\u015fvuran H.E.T., karde\u015fi Nagihan Uy\u011fur\u2019dan bir y\u0131ld\u0131r haber alamad\u0131\u011f\u0131n\u0131 bildirdi. Bunun&#8230;<\/p>\n","protected":false},"author":1,"featured_media":27768,"comment_status":"open","ping_status":"open","sticky":false,"template":"","format":"standard","meta":{"_crdt_document":"","footnotes":""},"categories":[5],"tags":[],"class_list":["post-27767","post","type-post","status-publish","format-standard","has-post-thumbnail","hentry","category-asayis"],"_links":{"self":[{"href":"https:\/\/www.egemtv.com\/index.php?rest_route=\/wp\/v2\/posts\/27767","targetHints":{"allow":["GET"]}}],"collection":[{"href":"https:\/\/www.egemtv.com\/index.php?rest_route=\/wp\/v2\/posts"}],"about":[{"href":"https:\/\/www.egemtv.com\/index.php?rest_route=\/wp\/v2\/types\/post"}],"author":[{"embeddable":true,"href":"https:\/\/www.egemtv.com\/index.php?rest_route=\/wp\/v2\/users\/1"}],"replies":[{"embeddable":true,"href":"https:\/\/www.egemtv.com\/index.php?rest_route=%2Fwp%2Fv2%2Fcomments&post=27767"}],"version-history":[{"count":1,"href":"https:\/\/www.egemtv.com\/index.php?rest_route=\/wp\/v2\/posts\/27767\/revisions"}],"predecessor-version":[{"id":27769,"href":"https:\/\/www.egemtv.com\/index.php?rest_route=\/wp\/v2\/posts\/27767\/revisions\/27769"}],"wp:featuredmedia":[{"embeddable":true,"href":"https:\/\/www.egemtv.com\/index.php?rest_route=\/wp\/v2\/media\/27768"}],"wp:attachment":[{"href":"https:\/\/www.egemtv.com\/index.php?rest_route=%2Fwp%2Fv2%2Fmedia&parent=27767"}],"wp:term":[{"taxonomy":"category","embeddable":true,"href":"https:\/\/www.egemtv.com\/index.php?rest_route=%2Fwp%2Fv2%2Fcategories&post=27767"},{"taxonomy":"post_tag","embeddable":true,"href":"https:\/\/www.egemtv.com\/index.php?rest_route=%2Fwp%2Fv2%2Ftags&post=27767"}],"curies":[{"name":"wp","href":"https:\/\/api.w.org\/{rel}","templated":true}]}}