{"id":27764,"date":"2025-05-10T22:36:41","date_gmt":"2025-05-10T19:36:41","guid":{"rendered":"https:\/\/www.egemtv.com\/?p=27764"},"modified":"2025-05-10T22:36:46","modified_gmt":"2025-05-10T19:36:46","slug":"akhisarli-bisikletciler-ankarada-zirvede-yer-aldi","status":"publish","type":"post","link":"https:\/\/www.egemtv.com\/?p=27764","title":{"rendered":"Akhisarl\u0131 bisiklet\u00e7iler Ankara\u2019da zirvede yer ald\u0131"},"content":{"rendered":"<p>Ankara\u2019n\u0131n G\u00f6lba\u015f\u0131 il\u00e7esinde 9-11 May\u0131s tarihleri aras\u0131nda d\u00fczenlenen Uluslararas\u0131 Haluk G\u00fcn\u00f6zgen Ankara MTB CUP yar\u0131\u015fmas\u0131nda Akhisar \u0130l\u00e7e Spor Kul\u00fcb\u00fc bisiklet\u00e7ileri b\u00fcy\u00fck bir ba\u015far\u0131ya imza att\u0131.<br \/>\n<br \/>Yar\u0131\u015fmaya farkl\u0131 kategorilerde kat\u0131l\u0131m sa\u011flayan Akhisar ekibi, k\u00fcrs\u00fcde yer alarak il\u00e7eyi gururland\u0131rd\u0131. U13 Kad\u0131nlar kategorisinde yar\u0131\u015fan Hilal Kaymaz, g\u00f6sterdi\u011fi performansla ikincilik elde etti. U11 Kad\u0131nlar kategorisinde ise Hiranur G\u00fc\u00e7l\u00fc birinci, Melisa Ate\u015f \u00fc\u00e7\u00fcnc\u00fc olarak podyuma \u00e7\u0131kmay\u0131 ba\u015fard\u0131.<br \/>\n<br \/>Akhisar Gen\u00e7lik ve Spor \u0130l\u00e7e M\u00fcd\u00fcr\u00fc ve ayn\u0131 zamanda Akhisar \u0130l\u00e7e Spor Kul\u00fcb\u00fc Ba\u015fkan\u0131 olan Hasan H\u00fcseyin Oktay, sporcular\u0131n elde etti\u011fi derecelerin il\u00e7edeki spor altyap\u0131s\u0131n\u0131n geli\u015fti\u011fini ve do\u011fru yolda olduklar\u0131n\u0131 g\u00f6sterdi\u011fini belirtti. Oktay, yar\u0131\u015fma sonras\u0131 yapt\u0131\u011f\u0131 a\u00e7\u0131klamada, &#8220;Sporcular\u0131m\u0131zla gurur duyuyoruz. Bu ba\u015far\u0131lar, il\u00e7emizdeki \u00e7ocuk ve gen\u00e7lerin spora olan ilgisini art\u0131r\u0131yor. Eme\u011fi ge\u00e7en herkese te\u015fekk\u00fcr ederim&#8221; dedi.<br \/>\n<br \/>Kul\u00fcb\u00fcn ba\u015far\u0131s\u0131nda katk\u0131s\u0131 olan sponsorlardan Alper Alhato\u011flu\u2019nun da destekleriyle her zaman sporcular\u0131n yan\u0131nda yer ald\u0131\u011f\u0131n\u0131 kaydeden Oktay, &#8220;Sporun s\u00fcrd\u00fcr\u00fclebilir olmas\u0131 i\u00e7in maddi ve manevi destek \u00e7ok \u00f6nemli. Say\u0131n Alhato\u011flu\u2019nun deste\u011fi bizim i\u00e7in k\u0131ymetli&#8221; ifadelerini kulland\u0131.<br \/><\/p>\n","protected":false},"excerpt":{"rendered":"<p>Ankara\u2019n\u0131n G\u00f6lba\u015f\u0131 il\u00e7esinde 9-11 May\u0131s tarihleri aras\u0131nda d\u00fczenlenen Uluslararas\u0131 Haluk G\u00fcn\u00f6zgen Ankara MTB CUP yar\u0131\u015fmas\u0131nda Akhisar \u0130l\u00e7e Spor Kul\u00fcb\u00fc bisiklet\u00e7ileri b\u00fcy\u00fck bir ba\u015far\u0131ya imza att\u0131. Yar\u0131\u015fmaya farkl\u0131 kategorilerde kat\u0131l\u0131m sa\u011flayan Akhisar ekibi, k\u00fcrs\u00fcde yer alarak il\u00e7eyi gururland\u0131rd\u0131. U13 Kad\u0131nlar kategorisinde yar\u0131\u015fan Hilal Kaymaz, g\u00f6sterdi\u011fi performansla ikincilik elde etti. U11 Kad\u0131nlar kategorisinde ise Hiranur G\u00fc\u00e7l\u00fc birinci,&#8230;<\/p>\n","protected":false},"author":1,"featured_media":27765,"comment_status":"open","ping_status":"open","sticky":false,"template":"","format":"standard","meta":{"_crdt_document":"","footnotes":""},"categories":[4],"tags":[],"class_list":["post-27764","post","type-post","status-publish","format-standard","has-post-thumbnail","hentry","category-spor"],"_links":{"self":[{"href":"https:\/\/www.egemtv.com\/index.php?rest_route=\/wp\/v2\/posts\/27764","targetHints":{"allow":["GET"]}}],"collection":[{"href":"https:\/\/www.egemtv.com\/index.php?rest_route=\/wp\/v2\/posts"}],"about":[{"href":"https:\/\/www.egemtv.com\/index.php?rest_route=\/wp\/v2\/types\/post"}],"author":[{"embeddable":true,"href":"https:\/\/www.egemtv.com\/index.php?rest_route=\/wp\/v2\/users\/1"}],"replies":[{"embeddable":true,"href":"https:\/\/www.egemtv.com\/index.php?rest_route=%2Fwp%2Fv2%2Fcomments&post=27764"}],"version-history":[{"count":1,"href":"https:\/\/www.egemtv.com\/index.php?rest_route=\/wp\/v2\/posts\/27764\/revisions"}],"predecessor-version":[{"id":27766,"href":"https:\/\/www.egemtv.com\/index.php?rest_route=\/wp\/v2\/posts\/27764\/revisions\/27766"}],"wp:featuredmedia":[{"embeddable":true,"href":"https:\/\/www.egemtv.com\/index.php?rest_route=\/wp\/v2\/media\/27765"}],"wp:attachment":[{"href":"https:\/\/www.egemtv.com\/index.php?rest_route=%2Fwp%2Fv2%2Fmedia&parent=27764"}],"wp:term":[{"taxonomy":"category","embeddable":true,"href":"https:\/\/www.egemtv.com\/index.php?rest_route=%2Fwp%2Fv2%2Fcategories&post=27764"},{"taxonomy":"post_tag","embeddable":true,"href":"https:\/\/www.egemtv.com\/index.php?rest_route=%2Fwp%2Fv2%2Ftags&post=27764"}],"curies":[{"name":"wp","href":"https:\/\/api.w.org\/{rel}","templated":true}]}}