{"id":27761,"date":"2025-05-10T22:15:30","date_gmt":"2025-05-10T19:15:30","guid":{"rendered":"https:\/\/www.egemtv.com\/?p=27761"},"modified":"2025-05-10T22:15:35","modified_gmt":"2025-05-10T19:15:35","slug":"ocakta-unutulan-yemek-yangin-panigine-neden-oldu","status":"publish","type":"post","link":"https:\/\/www.egemtv.com\/?p=27761","title":{"rendered":"Ocakta unutulan yemek yang\u0131n pani\u011fine neden oldu"},"content":{"rendered":"<p>Ayd\u0131n\u2019\u0131n Efeler il\u00e7esinde oca\u011f\u0131n \u00fczerinde unutulan yemek dolay\u0131s\u0131yla \u00e7\u0131kan yang\u0131n pani\u011fe neden oldu.<br \/>\n<br \/>Olay, Zafer Mahallesi 109 sokak \u00fczerindeki bir apartman\u0131n zemin kat\u0131nda ak\u015fam saatlerinde meydana geldi. Edinilen bilgiye g\u00f6re, C.A. isimli kad\u0131n yeme\u011fi oca\u011f\u0131n \u00fczerinde unutup evden d\u0131\u015far\u0131 \u00e7\u0131kt\u0131. Bir s\u00fcre sonra evden dumanlar\u0131n y\u00fckseldi\u011fini fark eden vatanda\u015flar durumu 112 Acil \u00c7a\u011fr\u0131 Merkezi\u2019ne bildirdi. \u0130hbar \u00fczerine b\u00f6lgeye itfaiye ve polis ekipleri sevk edildi. K\u0131sa s\u00fcrede olay yerine gelen Ayd\u0131n B\u00fcy\u00fck\u015fehir Belediyesi \u0130tfaiye Daire Ba\u015fkanl\u0131\u011f\u0131 ekipleri yang\u0131na m\u00fcdahale ederek s\u00f6nd\u00fcrd\u00fc. Yang\u0131nda evin mutfak k\u0131sm\u0131nda k\u00fc\u00e7\u00fck \u00e7apta maddi hasar meydana geldi.<br \/>\n<br \/>Olayla ilgili soru\u015fturma s\u00fcr\u00fcyor.<br \/><\/p>\n","protected":false},"excerpt":{"rendered":"<p>Ayd\u0131n\u2019\u0131n Efeler il\u00e7esinde oca\u011f\u0131n \u00fczerinde unutulan yemek dolay\u0131s\u0131yla \u00e7\u0131kan yang\u0131n pani\u011fe neden oldu. Olay, Zafer Mahallesi 109 sokak \u00fczerindeki bir apartman\u0131n zemin kat\u0131nda ak\u015fam saatlerinde meydana geldi. Edinilen bilgiye g\u00f6re, C.A. isimli kad\u0131n yeme\u011fi oca\u011f\u0131n \u00fczerinde unutup evden d\u0131\u015far\u0131 \u00e7\u0131kt\u0131. Bir s\u00fcre sonra evden dumanlar\u0131n y\u00fckseldi\u011fini fark eden vatanda\u015flar durumu 112 Acil \u00c7a\u011fr\u0131 Merkezi\u2019ne bildirdi&#8230;.<\/p>\n","protected":false},"author":1,"featured_media":27762,"comment_status":"open","ping_status":"open","sticky":false,"template":"","format":"standard","meta":{"_crdt_document":"","footnotes":""},"categories":[5],"tags":[],"class_list":["post-27761","post","type-post","status-publish","format-standard","has-post-thumbnail","hentry","category-asayis"],"_links":{"self":[{"href":"https:\/\/www.egemtv.com\/index.php?rest_route=\/wp\/v2\/posts\/27761","targetHints":{"allow":["GET"]}}],"collection":[{"href":"https:\/\/www.egemtv.com\/index.php?rest_route=\/wp\/v2\/posts"}],"about":[{"href":"https:\/\/www.egemtv.com\/index.php?rest_route=\/wp\/v2\/types\/post"}],"author":[{"embeddable":true,"href":"https:\/\/www.egemtv.com\/index.php?rest_route=\/wp\/v2\/users\/1"}],"replies":[{"embeddable":true,"href":"https:\/\/www.egemtv.com\/index.php?rest_route=%2Fwp%2Fv2%2Fcomments&post=27761"}],"version-history":[{"count":1,"href":"https:\/\/www.egemtv.com\/index.php?rest_route=\/wp\/v2\/posts\/27761\/revisions"}],"predecessor-version":[{"id":27763,"href":"https:\/\/www.egemtv.com\/index.php?rest_route=\/wp\/v2\/posts\/27761\/revisions\/27763"}],"wp:featuredmedia":[{"embeddable":true,"href":"https:\/\/www.egemtv.com\/index.php?rest_route=\/wp\/v2\/media\/27762"}],"wp:attachment":[{"href":"https:\/\/www.egemtv.com\/index.php?rest_route=%2Fwp%2Fv2%2Fmedia&parent=27761"}],"wp:term":[{"taxonomy":"category","embeddable":true,"href":"https:\/\/www.egemtv.com\/index.php?rest_route=%2Fwp%2Fv2%2Fcategories&post=27761"},{"taxonomy":"post_tag","embeddable":true,"href":"https:\/\/www.egemtv.com\/index.php?rest_route=%2Fwp%2Fv2%2Ftags&post=27761"}],"curies":[{"name":"wp","href":"https:\/\/api.w.org\/{rel}","templated":true}]}}