{"id":27758,"date":"2025-05-10T21:35:51","date_gmt":"2025-05-10T18:35:51","guid":{"rendered":"https:\/\/www.egemtv.com\/?p=27758"},"modified":"2025-05-10T21:35:55","modified_gmt":"2025-05-10T18:35:55","slug":"kontrolden-cikan-otomobil-refujdeki-agaca-carpti-2-yarali","status":"publish","type":"post","link":"https:\/\/www.egemtv.com\/?p=27758","title":{"rendered":"Kontrolden \u00e7\u0131kan otomobil ref\u00fcjdeki a\u011faca \u00e7arpt\u0131: 2 yaral\u0131"},"content":{"rendered":"<p>Isparta\u2019n\u0131n Yalva\u00e7 il\u00e7esinde, s\u00fcr\u00fcc\u00fcs\u00fcn\u00fcn direksiyon hakimiyetini kaybetti\u011fi otomobil ref\u00fcjdeki a\u011faca \u00e7arpt\u0131. Kazada s\u00fcr\u00fcc\u00fc ve yan\u0131ndaki yolcu yaraland\u0131.<br \/>\n<br \/>Kaza, \u00f6\u011fle saatlerinde Yalva\u00e7 il\u00e7esi Cenon Kav\u015fa\u011f\u0131nda meydana geldi. Edinilen bilgiye g\u00f6re, cadde \u00fczerinde seyir halinde olan G.K. idaresindeki 32 FD 335 plakal\u0131 Tofa\u015f marka otomobil, s\u00fcr\u00fcc\u00fcs\u00fcn\u00fcn direksiyon hakimiyetini kaybetmesi sonucu ref\u00fcje \u00e7\u0131karak a\u011faca \u00e7arpt\u0131. Kazada, ara\u00e7ta bulunan s\u00fcr\u00fcc\u00fc G.K. ile yolcu Y.\u00d6. yaraland\u0131. S\u00fcr\u00fcc\u00fc G.K., \u00e7arpman\u0131n etkisiyle ara\u00e7 i\u00e7inde s\u0131k\u0131\u015ft\u0131. \u0130hbar \u00fczerine olay yerine polis, itfaiye ve sa\u011fl\u0131k ekipleri sevk edildi. \u0130tfaiye ekiplerinin m\u00fcdahalesiyle s\u0131k\u0131\u015ft\u0131\u011f\u0131 yerden \u00e7\u0131kar\u0131lan s\u00fcr\u00fcc\u00fc ile yolcu, ilk m\u00fcdahalelerinin ard\u0131ndan Yalva\u00e7 Devlet Hastanesi\u2019ne kald\u0131r\u0131ld\u0131. Yaral\u0131lar\u0131n sa\u011fl\u0131k durumunun iyi oldu\u011fu \u00f6\u011frenildi. Kazayla ilgili inceleme ba\u015flat\u0131ld\u0131.<br \/><\/p>\n","protected":false},"excerpt":{"rendered":"<p>Isparta\u2019n\u0131n Yalva\u00e7 il\u00e7esinde, s\u00fcr\u00fcc\u00fcs\u00fcn\u00fcn direksiyon hakimiyetini kaybetti\u011fi otomobil ref\u00fcjdeki a\u011faca \u00e7arpt\u0131. Kazada s\u00fcr\u00fcc\u00fc ve yan\u0131ndaki yolcu yaraland\u0131. Kaza, \u00f6\u011fle saatlerinde Yalva\u00e7 il\u00e7esi Cenon Kav\u015fa\u011f\u0131nda meydana geldi. Edinilen bilgiye g\u00f6re, cadde \u00fczerinde seyir halinde olan G.K. idaresindeki 32 FD 335 plakal\u0131 Tofa\u015f marka otomobil, s\u00fcr\u00fcc\u00fcs\u00fcn\u00fcn direksiyon hakimiyetini kaybetmesi sonucu ref\u00fcje \u00e7\u0131karak a\u011faca \u00e7arpt\u0131. Kazada, ara\u00e7ta bulunan&#8230;<\/p>\n","protected":false},"author":1,"featured_media":27759,"comment_status":"open","ping_status":"open","sticky":false,"template":"","format":"standard","meta":{"_crdt_document":"","footnotes":""},"categories":[5],"tags":[],"class_list":["post-27758","post","type-post","status-publish","format-standard","has-post-thumbnail","hentry","category-asayis"],"_links":{"self":[{"href":"https:\/\/www.egemtv.com\/index.php?rest_route=\/wp\/v2\/posts\/27758","targetHints":{"allow":["GET"]}}],"collection":[{"href":"https:\/\/www.egemtv.com\/index.php?rest_route=\/wp\/v2\/posts"}],"about":[{"href":"https:\/\/www.egemtv.com\/index.php?rest_route=\/wp\/v2\/types\/post"}],"author":[{"embeddable":true,"href":"https:\/\/www.egemtv.com\/index.php?rest_route=\/wp\/v2\/users\/1"}],"replies":[{"embeddable":true,"href":"https:\/\/www.egemtv.com\/index.php?rest_route=%2Fwp%2Fv2%2Fcomments&post=27758"}],"version-history":[{"count":1,"href":"https:\/\/www.egemtv.com\/index.php?rest_route=\/wp\/v2\/posts\/27758\/revisions"}],"predecessor-version":[{"id":27760,"href":"https:\/\/www.egemtv.com\/index.php?rest_route=\/wp\/v2\/posts\/27758\/revisions\/27760"}],"wp:featuredmedia":[{"embeddable":true,"href":"https:\/\/www.egemtv.com\/index.php?rest_route=\/wp\/v2\/media\/27759"}],"wp:attachment":[{"href":"https:\/\/www.egemtv.com\/index.php?rest_route=%2Fwp%2Fv2%2Fmedia&parent=27758"}],"wp:term":[{"taxonomy":"category","embeddable":true,"href":"https:\/\/www.egemtv.com\/index.php?rest_route=%2Fwp%2Fv2%2Fcategories&post=27758"},{"taxonomy":"post_tag","embeddable":true,"href":"https:\/\/www.egemtv.com\/index.php?rest_route=%2Fwp%2Fv2%2Ftags&post=27758"}],"curies":[{"name":"wp","href":"https:\/\/api.w.org\/{rel}","templated":true}]}}