{"id":27755,"date":"2025-05-10T20:59:00","date_gmt":"2025-05-10T17:59:00","guid":{"rendered":"https:\/\/www.egemtv.com\/?p=27755"},"modified":"2025-05-10T20:59:04","modified_gmt":"2025-05-10T17:59:04","slug":"kutahya-kiz-futsal-takimi-turkiye-sampiyonu","status":"publish","type":"post","link":"https:\/\/www.egemtv.com\/?p=27755","title":{"rendered":"K\u00fctahya k\u0131z futsal tak\u0131m\u0131 T\u00fcrkiye \u015fampiyonu"},"content":{"rendered":"<p>\u0130zmir\u2019de d\u00fczenlenen Yurtlig Futsal K\u0131zlar T\u00fcrkiye \u015eampiyonas\u0131\u2019nda K\u00fctahya k\u0131z futsal tak\u0131m\u0131 final ma\u00e7\u0131nda rakibini 7-0 ma\u011flup ederek T\u00fcrkiye \u015eampiyonu oldu.<br \/>\n<br \/>Sezon boyunca k\u0131z futsal tak\u0131m\u0131n\u0131n en b\u00fcy\u00fck destek\u00e7ilerinden biri olan K\u00fctahya Gen\u00e7lik ve Spor \u0130l M\u00fcd\u00fcr\u00fc B\u00fclent K\u00fc\u00e7\u00fck, son g\u00fcne kadar tak\u0131m\u0131n yan\u0131nda yer al\u0131p, onlar\u0131n emeklerine ve inan\u00e7lar\u0131na ortak oldu. \u015eampiyonluk m\u00fccadelesinde de onlar\u0131 yaln\u0131z b\u0131rakmayan M\u00fcd\u00fcr K\u00fc\u00e7\u00fck, \u015fampiyonay\u0131 \u0130zmir\u2019de yerinde takip etti.<br \/>\n<br \/>M\u00fcd\u00fcr K\u00fc\u00e7\u00fck, gen\u00e7lerin hayallerine inanmaya, onlar\u0131n yan\u0131nda dimdik durmaya ve sporun g\u00fcc\u00fcyle yar\u0131nlara umut ta\u015f\u0131maya devam edeceklerini s\u00f6yledi.<br \/><\/p>\n","protected":false},"excerpt":{"rendered":"<p>\u0130zmir\u2019de d\u00fczenlenen Yurtlig Futsal K\u0131zlar T\u00fcrkiye \u015eampiyonas\u0131\u2019nda K\u00fctahya k\u0131z futsal tak\u0131m\u0131 final ma\u00e7\u0131nda rakibini 7-0 ma\u011flup ederek T\u00fcrkiye \u015eampiyonu oldu. Sezon boyunca k\u0131z futsal tak\u0131m\u0131n\u0131n en b\u00fcy\u00fck destek\u00e7ilerinden biri olan K\u00fctahya Gen\u00e7lik ve Spor \u0130l M\u00fcd\u00fcr\u00fc B\u00fclent K\u00fc\u00e7\u00fck, son g\u00fcne kadar tak\u0131m\u0131n yan\u0131nda yer al\u0131p, onlar\u0131n emeklerine ve inan\u00e7lar\u0131na ortak oldu. \u015eampiyonluk m\u00fccadelesinde de onlar\u0131&#8230;<\/p>\n","protected":false},"author":1,"featured_media":27756,"comment_status":"open","ping_status":"open","sticky":false,"template":"","format":"standard","meta":{"_crdt_document":"","footnotes":""},"categories":[4],"tags":[],"class_list":["post-27755","post","type-post","status-publish","format-standard","has-post-thumbnail","hentry","category-spor"],"_links":{"self":[{"href":"https:\/\/www.egemtv.com\/index.php?rest_route=\/wp\/v2\/posts\/27755","targetHints":{"allow":["GET"]}}],"collection":[{"href":"https:\/\/www.egemtv.com\/index.php?rest_route=\/wp\/v2\/posts"}],"about":[{"href":"https:\/\/www.egemtv.com\/index.php?rest_route=\/wp\/v2\/types\/post"}],"author":[{"embeddable":true,"href":"https:\/\/www.egemtv.com\/index.php?rest_route=\/wp\/v2\/users\/1"}],"replies":[{"embeddable":true,"href":"https:\/\/www.egemtv.com\/index.php?rest_route=%2Fwp%2Fv2%2Fcomments&post=27755"}],"version-history":[{"count":1,"href":"https:\/\/www.egemtv.com\/index.php?rest_route=\/wp\/v2\/posts\/27755\/revisions"}],"predecessor-version":[{"id":27757,"href":"https:\/\/www.egemtv.com\/index.php?rest_route=\/wp\/v2\/posts\/27755\/revisions\/27757"}],"wp:featuredmedia":[{"embeddable":true,"href":"https:\/\/www.egemtv.com\/index.php?rest_route=\/wp\/v2\/media\/27756"}],"wp:attachment":[{"href":"https:\/\/www.egemtv.com\/index.php?rest_route=%2Fwp%2Fv2%2Fmedia&parent=27755"}],"wp:term":[{"taxonomy":"category","embeddable":true,"href":"https:\/\/www.egemtv.com\/index.php?rest_route=%2Fwp%2Fv2%2Fcategories&post=27755"},{"taxonomy":"post_tag","embeddable":true,"href":"https:\/\/www.egemtv.com\/index.php?rest_route=%2Fwp%2Fv2%2Ftags&post=27755"}],"curies":[{"name":"wp","href":"https:\/\/api.w.org\/{rel}","templated":true}]}}