{"id":27752,"date":"2025-05-10T20:58:55","date_gmt":"2025-05-10T17:58:55","guid":{"rendered":"https:\/\/www.egemtv.com\/?p=27752"},"modified":"2025-05-10T20:59:00","modified_gmt":"2025-05-10T17:59:00","slug":"izmirde-trafik-kazasi-4-kisi-yaralandi","status":"publish","type":"post","link":"https:\/\/www.egemtv.com\/?p=27752","title":{"rendered":"\u0130zmir\u2019de trafik kazas\u0131: 4 ki\u015fi yaraland\u0131"},"content":{"rendered":"<p>\u0130zmir\u2019in \u00d6demi\u015f il\u00e7esinde meydana gelen trafik kazas\u0131nda 4 ki\u015fi yaraland\u0131.<br \/>\n<br \/>Kaza, saat 16.30 s\u0131ralar\u0131nda \u00d6demi\u015f il\u00e7esi Beyda\u011f-Tire karayolunda meydana geldi. Edinilen bilgilere g\u00f6re, 09 ZC 356 plakal\u0131 trakt\u00f6r ile tali yoldan anayola \u00e7\u0131kmaya \u00e7al\u0131\u015fan Mehmet Y. (48), anayolda seyir halinde olan Ahmet A. (33) idaresindeki 43 ABT 938 plakal\u0131 otomobile \u00e7arpt\u0131. \u00c7arp\u0131\u015fman\u0131n etkisiyle trakt\u00f6rde yolcu olarak bulunan Ganime K. (44), Aysel S. (34), Fatma Y. (59) ve Fatma T. (62) yaraland\u0131.<br \/>\n<br \/>Yaral\u0131lar\u0131n hayati tehlikelerinin bulunmad\u0131\u011f\u0131 \u00f6\u011frenilirken, kaza ile ilgili adli tahkikat ba\u015flat\u0131ld\u0131.<br \/><\/p>\n","protected":false},"excerpt":{"rendered":"<p>\u0130zmir\u2019in \u00d6demi\u015f il\u00e7esinde meydana gelen trafik kazas\u0131nda 4 ki\u015fi yaraland\u0131. Kaza, saat 16.30 s\u0131ralar\u0131nda \u00d6demi\u015f il\u00e7esi Beyda\u011f-Tire karayolunda meydana geldi. Edinilen bilgilere g\u00f6re, 09 ZC 356 plakal\u0131 trakt\u00f6r ile tali yoldan anayola \u00e7\u0131kmaya \u00e7al\u0131\u015fan Mehmet Y. (48), anayolda seyir halinde olan Ahmet A. (33) idaresindeki 43 ABT 938 plakal\u0131 otomobile \u00e7arpt\u0131. \u00c7arp\u0131\u015fman\u0131n etkisiyle trakt\u00f6rde yolcu&#8230;<\/p>\n","protected":false},"author":1,"featured_media":27753,"comment_status":"open","ping_status":"open","sticky":false,"template":"","format":"standard","meta":{"_crdt_document":"","footnotes":""},"categories":[5],"tags":[],"class_list":["post-27752","post","type-post","status-publish","format-standard","has-post-thumbnail","hentry","category-asayis"],"_links":{"self":[{"href":"https:\/\/www.egemtv.com\/index.php?rest_route=\/wp\/v2\/posts\/27752","targetHints":{"allow":["GET"]}}],"collection":[{"href":"https:\/\/www.egemtv.com\/index.php?rest_route=\/wp\/v2\/posts"}],"about":[{"href":"https:\/\/www.egemtv.com\/index.php?rest_route=\/wp\/v2\/types\/post"}],"author":[{"embeddable":true,"href":"https:\/\/www.egemtv.com\/index.php?rest_route=\/wp\/v2\/users\/1"}],"replies":[{"embeddable":true,"href":"https:\/\/www.egemtv.com\/index.php?rest_route=%2Fwp%2Fv2%2Fcomments&post=27752"}],"version-history":[{"count":1,"href":"https:\/\/www.egemtv.com\/index.php?rest_route=\/wp\/v2\/posts\/27752\/revisions"}],"predecessor-version":[{"id":27754,"href":"https:\/\/www.egemtv.com\/index.php?rest_route=\/wp\/v2\/posts\/27752\/revisions\/27754"}],"wp:featuredmedia":[{"embeddable":true,"href":"https:\/\/www.egemtv.com\/index.php?rest_route=\/wp\/v2\/media\/27753"}],"wp:attachment":[{"href":"https:\/\/www.egemtv.com\/index.php?rest_route=%2Fwp%2Fv2%2Fmedia&parent=27752"}],"wp:term":[{"taxonomy":"category","embeddable":true,"href":"https:\/\/www.egemtv.com\/index.php?rest_route=%2Fwp%2Fv2%2Fcategories&post=27752"},{"taxonomy":"post_tag","embeddable":true,"href":"https:\/\/www.egemtv.com\/index.php?rest_route=%2Fwp%2Fv2%2Ftags&post=27752"}],"curies":[{"name":"wp","href":"https:\/\/api.w.org\/{rel}","templated":true}]}}