{"id":27746,"date":"2025-05-10T20:36:21","date_gmt":"2025-05-10T17:36:21","guid":{"rendered":"https:\/\/www.egemtv.com\/?p=27746"},"modified":"2025-05-10T20:36:27","modified_gmt":"2025-05-10T17:36:27","slug":"fethiyede-17si-cocuk-36-duzensiz-gocmen-yakalandi","status":"publish","type":"post","link":"https:\/\/www.egemtv.com\/?p=27746","title":{"rendered":"Fethiye\u2019de 17\u2019si \u00e7ocuk 36 d\u00fczensiz g\u00f6\u00e7men yakaland\u0131"},"content":{"rendered":"<p>Mu\u011fla\u2019n\u0131n Fethiye il\u00e7esi Faralya koyu mevkisinde 17\u2019si \u00e7ocuk olmak \u00fczere toplam 36 d\u00fczensiz g\u00f6\u00e7men yakaland\u0131.<br \/>\n<br \/>Fethiye il\u00e7esi \u00d6l\u00fcdeniz Faralya Koyu mevkiinde bir grup d\u00fczensiz g\u00f6\u00e7men oldu\u011fu bilgisinin al\u0131nmas\u0131 \u00fczerine g\u00f6revlendirilen Sahil G\u00fcvenlik Botu ve Sahil G\u00fcvenlik Ka\u00e7ak\u00e7\u0131l\u0131k ve Organize Su\u00e7larla M\u00fccadele (KOM) Timi taraf\u0131ndan kara \u00fczerinde tespit edilen 19 d\u00fczensiz g\u00f6\u00e7men (beraberinde 17 \u00e7ocuk) yakalanm\u0131\u015ft\u0131r.<br \/><\/p>\n","protected":false},"excerpt":{"rendered":"<p>Mu\u011fla\u2019n\u0131n Fethiye il\u00e7esi Faralya koyu mevkisinde 17\u2019si \u00e7ocuk olmak \u00fczere toplam 36 d\u00fczensiz g\u00f6\u00e7men yakaland\u0131. Fethiye il\u00e7esi \u00d6l\u00fcdeniz Faralya Koyu mevkiinde bir grup d\u00fczensiz g\u00f6\u00e7men oldu\u011fu bilgisinin al\u0131nmas\u0131 \u00fczerine g\u00f6revlendirilen Sahil G\u00fcvenlik Botu ve Sahil G\u00fcvenlik Ka\u00e7ak\u00e7\u0131l\u0131k ve Organize Su\u00e7larla M\u00fccadele (KOM) Timi taraf\u0131ndan kara \u00fczerinde tespit edilen 19 d\u00fczensiz g\u00f6\u00e7men (beraberinde 17 \u00e7ocuk) yakalanm\u0131\u015ft\u0131r.<\/p>\n","protected":false},"author":1,"featured_media":27747,"comment_status":"open","ping_status":"open","sticky":false,"template":"","format":"standard","meta":{"_crdt_document":"","footnotes":""},"categories":[5],"tags":[],"class_list":["post-27746","post","type-post","status-publish","format-standard","has-post-thumbnail","hentry","category-asayis"],"_links":{"self":[{"href":"https:\/\/www.egemtv.com\/index.php?rest_route=\/wp\/v2\/posts\/27746","targetHints":{"allow":["GET"]}}],"collection":[{"href":"https:\/\/www.egemtv.com\/index.php?rest_route=\/wp\/v2\/posts"}],"about":[{"href":"https:\/\/www.egemtv.com\/index.php?rest_route=\/wp\/v2\/types\/post"}],"author":[{"embeddable":true,"href":"https:\/\/www.egemtv.com\/index.php?rest_route=\/wp\/v2\/users\/1"}],"replies":[{"embeddable":true,"href":"https:\/\/www.egemtv.com\/index.php?rest_route=%2Fwp%2Fv2%2Fcomments&post=27746"}],"version-history":[{"count":1,"href":"https:\/\/www.egemtv.com\/index.php?rest_route=\/wp\/v2\/posts\/27746\/revisions"}],"predecessor-version":[{"id":27748,"href":"https:\/\/www.egemtv.com\/index.php?rest_route=\/wp\/v2\/posts\/27746\/revisions\/27748"}],"wp:featuredmedia":[{"embeddable":true,"href":"https:\/\/www.egemtv.com\/index.php?rest_route=\/wp\/v2\/media\/27747"}],"wp:attachment":[{"href":"https:\/\/www.egemtv.com\/index.php?rest_route=%2Fwp%2Fv2%2Fmedia&parent=27746"}],"wp:term":[{"taxonomy":"category","embeddable":true,"href":"https:\/\/www.egemtv.com\/index.php?rest_route=%2Fwp%2Fv2%2Fcategories&post=27746"},{"taxonomy":"post_tag","embeddable":true,"href":"https:\/\/www.egemtv.com\/index.php?rest_route=%2Fwp%2Fv2%2Ftags&post=27746"}],"curies":[{"name":"wp","href":"https:\/\/api.w.org\/{rel}","templated":true}]}}