{"id":27743,"date":"2025-05-10T20:36:13","date_gmt":"2025-05-10T17:36:13","guid":{"rendered":"https:\/\/www.egemtv.com\/?p=27743"},"modified":"2025-05-10T20:36:21","modified_gmt":"2025-05-10T17:36:21","slug":"denizli-meb-akub-ekibi-akreditasyon-sinavina-giriyor","status":"publish","type":"post","link":"https:\/\/www.egemtv.com\/?p=27743","title":{"rendered":"Denizli MEB AKUB Ekibi akreditasyon s\u0131nav\u0131na giriyor"},"content":{"rendered":"<p>Denizli \u0130l Milli E\u011fitim M\u00fcd\u00fcrl\u00fc\u011f\u00fc Arama Kurtarma Birimi (MEB AKUB), 29 g\u00f6n\u00fcll\u00fc \u00f6\u011fretmen ve 1 hem\u015fireden olu\u015fan g\u00fc\u00e7l\u00fc kadrosuyla, aylar s\u00fcren yo\u011fun e\u011fitim ve tatbikatlar\u0131n ard\u0131ndan akreditasyon s\u0131nav\u0131na kat\u0131lacak.<\/p>\n<p>Y\u00f6netim, lojistik ve arama kurtarma birimlerinden olu\u015fan MEB AKUB, \u0130zmir AFAD\u2019dan gelen komisyonun denetiminde yap\u0131lacak akreditasyon s\u0131nav\u0131na kat\u0131lacak. S\u0131nav, DESK\u0130 \u0130\u015f Sa\u011fl\u0131\u011f\u0131 ve G\u00fcvenli\u011fi E\u011fitim Parkurunda ger\u00e7ekle\u015ftirilecek. Alanda Boo kamp\u0131 kurulacak; y\u00f6netim, lojistik ve konaklama \u00e7ad\u0131rlar\u0131 yerle\u015ftirilecek. Ekip, enkaz alan\u0131nda uygulamal\u0131 bir arama kurtarma tatbikat\u0131 ger\u00e7ekle\u015ftirecek. Tatbikatta beton k\u0131r\u0131m\u0131 yap\u0131larak enkaz alt\u0131nda kalan kazazede sedye ile \u00e7\u0131kar\u0131lacak ve ambulansla g\u00fcvenli b\u00f6lgeye sevk edilecek.<\/p>\n<p>T\u00fcm e\u011fitim ve haz\u0131rl\u0131k s\u00fcreci boyunca AFAD Akreditasyon Koordinat\u00f6r\u00fc Haluk Erten taraf\u0131ndan ment\u00f6rl\u00fck deste\u011fi verilen Denizli MEB AKUB ekibi, s\u0131nav\u0131 ba\u015far\u0131yla tamamlamas\u0131 halinde &#8220;Hafif Seviye Arama Kurtarma Akreditasyon Belgesi&#8221; almaya hak kazanacak. Bu belge sayesinde ekip, ya\u015fanabilecek afet durumlar\u0131nda AFAD koordinasyonunda aktif g\u00f6rev alabilecek. Ekip Lideri Tamer Esin \u00f6nc\u00fcl\u00fc\u011f\u00fcnde hareket edecek olan ekip, s\u0131nav g\u00fcn\u00fc lojistik merkezde toplanacak. Ard\u0131ndan DESK\u0130 Uygulama Alan\u0131\u2019na do\u011fru yola \u00e7\u0131k\u0131lacak.<\/p>\n<p>Denizli MEB AKUB, sadece afet anlar\u0131nda de\u011fil, ayn\u0131 zamanda afet \u00f6ncesi haz\u0131rl\u0131k s\u00fcre\u00e7lerinde de \u00f6nemli bir bilin\u00e7lendirme g\u00fcc\u00fc olu\u015fturmay\u0131 hedefliyor.<br \/><\/p>\n","protected":false},"excerpt":{"rendered":"<p>Denizli \u0130l Milli E\u011fitim M\u00fcd\u00fcrl\u00fc\u011f\u00fc Arama Kurtarma Birimi (MEB AKUB), 29 g\u00f6n\u00fcll\u00fc \u00f6\u011fretmen ve 1 hem\u015fireden olu\u015fan g\u00fc\u00e7l\u00fc kadrosuyla, aylar s\u00fcren yo\u011fun e\u011fitim ve tatbikatlar\u0131n ard\u0131ndan akreditasyon s\u0131nav\u0131na kat\u0131lacak. Y\u00f6netim, lojistik ve arama kurtarma birimlerinden olu\u015fan MEB AKUB, \u0130zmir AFAD\u2019dan gelen komisyonun denetiminde yap\u0131lacak akreditasyon s\u0131nav\u0131na kat\u0131lacak. S\u0131nav, DESK\u0130 \u0130\u015f Sa\u011fl\u0131\u011f\u0131 ve G\u00fcvenli\u011fi E\u011fitim Parkurunda&#8230;<\/p>\n","protected":false},"author":1,"featured_media":27744,"comment_status":"open","ping_status":"open","sticky":false,"template":"","format":"standard","meta":{"_crdt_document":"","footnotes":""},"categories":[1],"tags":[],"class_list":["post-27743","post","type-post","status-publish","format-standard","has-post-thumbnail","hentry","category-guncel"],"_links":{"self":[{"href":"https:\/\/www.egemtv.com\/index.php?rest_route=\/wp\/v2\/posts\/27743","targetHints":{"allow":["GET"]}}],"collection":[{"href":"https:\/\/www.egemtv.com\/index.php?rest_route=\/wp\/v2\/posts"}],"about":[{"href":"https:\/\/www.egemtv.com\/index.php?rest_route=\/wp\/v2\/types\/post"}],"author":[{"embeddable":true,"href":"https:\/\/www.egemtv.com\/index.php?rest_route=\/wp\/v2\/users\/1"}],"replies":[{"embeddable":true,"href":"https:\/\/www.egemtv.com\/index.php?rest_route=%2Fwp%2Fv2%2Fcomments&post=27743"}],"version-history":[{"count":1,"href":"https:\/\/www.egemtv.com\/index.php?rest_route=\/wp\/v2\/posts\/27743\/revisions"}],"predecessor-version":[{"id":27745,"href":"https:\/\/www.egemtv.com\/index.php?rest_route=\/wp\/v2\/posts\/27743\/revisions\/27745"}],"wp:featuredmedia":[{"embeddable":true,"href":"https:\/\/www.egemtv.com\/index.php?rest_route=\/wp\/v2\/media\/27744"}],"wp:attachment":[{"href":"https:\/\/www.egemtv.com\/index.php?rest_route=%2Fwp%2Fv2%2Fmedia&parent=27743"}],"wp:term":[{"taxonomy":"category","embeddable":true,"href":"https:\/\/www.egemtv.com\/index.php?rest_route=%2Fwp%2Fv2%2Fcategories&post=27743"},{"taxonomy":"post_tag","embeddable":true,"href":"https:\/\/www.egemtv.com\/index.php?rest_route=%2Fwp%2Fv2%2Ftags&post=27743"}],"curies":[{"name":"wp","href":"https:\/\/api.w.org\/{rel}","templated":true}]}}