{"id":27740,"date":"2025-05-10T20:15:31","date_gmt":"2025-05-10T17:15:31","guid":{"rendered":"https:\/\/www.egemtv.com\/?p=27740"},"modified":"2025-05-10T20:15:36","modified_gmt":"2025-05-10T17:15:36","slug":"usakta-kurbanlik-sevkiyatlarina-siki-denetim-devam-ediyor","status":"publish","type":"post","link":"https:\/\/www.egemtv.com\/?p=27740","title":{"rendered":"U\u015fak\u2019ta kurbanl\u0131k sevkiyatlar\u0131na s\u0131k\u0131 denetim devam ediyor"},"content":{"rendered":"<p>U\u015fak\u2019ta \u0130l Tar\u0131m ve Orman M\u00fcd\u00fcrl\u00fc\u011f\u00fc\u2019ne ba\u011fl\u0131 ekiplerce Kurban Bayram\u0131 \u00f6ncesi kurbanl\u0131k sevkiyat\u0131 yapan ara\u00e7lara denetim devam ediyor.<\/p>\n<p>U\u015fak \u0130l Tar\u0131m ve Orman M\u00fcd\u00fcrl\u00fc\u011f\u00fc\u2019ne ba\u011fl\u0131 veteriner ekipleri Tar\u0131m ve Orman Bakanl\u0131\u011f\u0131 talimatlar\u0131 kapsam\u0131nda yakla\u015fan Kurban Bayram\u0131 \u00f6ncesi Karayollar\u0131 Genel M\u00fcd\u00fcrl\u00fc\u011f\u00fc kontrol\u00fcnde Yol Kenar\u0131 Denetim \u0130stasyonlar\u0131 ve \u0130\u00e7i\u015fleri Bakanl\u0131\u011f\u0131\u2019na ba\u011fl\u0131 kolluk kuvvetlerinin rutin kontrol noktalar\u0131nda kurbanl\u0131k sevkiyat\u0131 yapan ara\u00e7lara kar\u015f\u0131 denetimler aral\u0131ks\u0131z devam ediyor.<\/p>\n<p>Denetimler kapsam\u0131nda ekipler hayvan hastal\u0131klar\u0131n\u0131n \u00f6nlenmesi, yeti\u015ftirici muafiyetlerinin engellenmesi ve b\u00f6lgesel risklerinin azalt\u0131lmas\u0131 amac\u0131yla denetim ger\u00e7ekle\u015ftirilirken, uygunsuz ta\u015f\u0131ma ve sa\u011fl\u0131k kontrolleri yap\u0131lmam\u0131\u015f hayvan sevkiyat\u0131 yapan ki\u015filer hakk\u0131nda cezai i\u015flem uygulan\u0131yor.<br \/>\n<br \/>G\u0131da ve Kontrol Genel M\u00fcd\u00fcrl\u00fc\u011f\u00fc\u2019nce U\u015fak denetimleri i\u00e7in sosyal medya hesaplar\u0131 \u00fczerinden yapm\u0131\u015f oldu\u011fu payla\u015f\u0131mda ise Kurban Bayram\u0131 \u00f6ncesi s\u0131k\u0131 denetim oldu\u011fu ve belgesiz, uygunsuz ta\u015f\u0131ma ve sa\u011fl\u0131k kontrolleri yap\u0131lmam\u0131\u015f hayvan sevkiyatlar\u0131na kar\u015f\u0131 s\u0131f\u0131r tolerans oldu\u011funu ifade etti.<br \/><\/p>\n","protected":false},"excerpt":{"rendered":"<p>U\u015fak\u2019ta \u0130l Tar\u0131m ve Orman M\u00fcd\u00fcrl\u00fc\u011f\u00fc\u2019ne ba\u011fl\u0131 ekiplerce Kurban Bayram\u0131 \u00f6ncesi kurbanl\u0131k sevkiyat\u0131 yapan ara\u00e7lara denetim devam ediyor. U\u015fak \u0130l Tar\u0131m ve Orman M\u00fcd\u00fcrl\u00fc\u011f\u00fc\u2019ne ba\u011fl\u0131 veteriner ekipleri Tar\u0131m ve Orman Bakanl\u0131\u011f\u0131 talimatlar\u0131 kapsam\u0131nda yakla\u015fan Kurban Bayram\u0131 \u00f6ncesi Karayollar\u0131 Genel M\u00fcd\u00fcrl\u00fc\u011f\u00fc kontrol\u00fcnde Yol Kenar\u0131 Denetim \u0130stasyonlar\u0131 ve \u0130\u00e7i\u015fleri Bakanl\u0131\u011f\u0131\u2019na ba\u011fl\u0131 kolluk kuvvetlerinin rutin kontrol noktalar\u0131nda kurbanl\u0131k&#8230;<\/p>\n","protected":false},"author":1,"featured_media":27741,"comment_status":"open","ping_status":"open","sticky":false,"template":"","format":"standard","meta":{"_crdt_document":"","footnotes":""},"categories":[1],"tags":[],"class_list":["post-27740","post","type-post","status-publish","format-standard","has-post-thumbnail","hentry","category-guncel"],"_links":{"self":[{"href":"https:\/\/www.egemtv.com\/index.php?rest_route=\/wp\/v2\/posts\/27740","targetHints":{"allow":["GET"]}}],"collection":[{"href":"https:\/\/www.egemtv.com\/index.php?rest_route=\/wp\/v2\/posts"}],"about":[{"href":"https:\/\/www.egemtv.com\/index.php?rest_route=\/wp\/v2\/types\/post"}],"author":[{"embeddable":true,"href":"https:\/\/www.egemtv.com\/index.php?rest_route=\/wp\/v2\/users\/1"}],"replies":[{"embeddable":true,"href":"https:\/\/www.egemtv.com\/index.php?rest_route=%2Fwp%2Fv2%2Fcomments&post=27740"}],"version-history":[{"count":1,"href":"https:\/\/www.egemtv.com\/index.php?rest_route=\/wp\/v2\/posts\/27740\/revisions"}],"predecessor-version":[{"id":27742,"href":"https:\/\/www.egemtv.com\/index.php?rest_route=\/wp\/v2\/posts\/27740\/revisions\/27742"}],"wp:featuredmedia":[{"embeddable":true,"href":"https:\/\/www.egemtv.com\/index.php?rest_route=\/wp\/v2\/media\/27741"}],"wp:attachment":[{"href":"https:\/\/www.egemtv.com\/index.php?rest_route=%2Fwp%2Fv2%2Fmedia&parent=27740"}],"wp:term":[{"taxonomy":"category","embeddable":true,"href":"https:\/\/www.egemtv.com\/index.php?rest_route=%2Fwp%2Fv2%2Fcategories&post=27740"},{"taxonomy":"post_tag","embeddable":true,"href":"https:\/\/www.egemtv.com\/index.php?rest_route=%2Fwp%2Fv2%2Ftags&post=27740"}],"curies":[{"name":"wp","href":"https:\/\/api.w.org\/{rel}","templated":true}]}}