{"id":27737,"date":"2025-05-10T20:15:26","date_gmt":"2025-05-10T17:15:26","guid":{"rendered":"https:\/\/www.egemtv.com\/?p=27737"},"modified":"2025-05-10T20:15:31","modified_gmt":"2025-05-10T17:15:31","slug":"denizli-saglik-icin-yurudu","status":"publish","type":"post","link":"https:\/\/www.egemtv.com\/?p=27737","title":{"rendered":"Denizli sa\u011fl\u0131k i\u00e7in y\u00fcr\u00fcd\u00fc"},"content":{"rendered":"<p>Denizli \u0130l Sa\u011fl\u0131k M\u00fcd\u00fcrl\u00fc\u011f\u00fc ve Denizli \u0130l Milli E\u011fitim M\u00fcd\u00fcrl\u00fc\u011f\u00fc i\u015fbirli\u011fiyle 10 May\u0131s Sa\u011fl\u0131k \u0130\u00e7in Hareket Et G\u00fcn\u00fc\u2019nde toplumda sa\u011fl\u0131kl\u0131 ya\u015fam al\u0131\u015fkanl\u0131klar\u0131n\u0131 yayg\u0131nla\u015ft\u0131rmak ve fiziksel aktivitenin \u00f6nemine dikkat \u00e7ekmek amac\u0131yla y\u00fcr\u00fcy\u00fc\u015f d\u00fczenlendi. Ayr\u0131ca \u2018\u0130deal Kilonu \u00d6\u011fren, Sa\u011fl\u0131kl\u0131 Ya\u015fa\u2019 ve \u2018Sa\u011fl\u0131kl\u0131 \u00c7ocuk, Sa\u011fl\u0131kl\u0131 Gelecek\u2019 projelerinin de start\u0131 verildi.<\/p>\n<p>10 May\u0131s Sa\u011fl\u0131k \u0130\u00e7in Hareket Et G\u00fcn\u00fc kapsam\u0131nda Denizli\u2019de d\u00fczenlenen y\u00fcr\u00fcy\u00fc\u015f etkinli\u011fi b\u00fcy\u00fck bir kat\u0131l\u0131mla ger\u00e7ekle\u015ftirildi. Yeni\u015fehir Y\u00fcr\u00fcy\u00fc\u015f yolunda d\u00fczenlenen etkinli\u011fe Denizli Valisi mer Faruk Co\u015fkun, Pamukkale Kaymakam\u0131 U\u011fur Bulut, Merkezefendi Kaymakam\u0131 Abdullah Demir, \u0130l Jandarma Komutan\u0131 Jandarma K\u0131demli Albay H\u0131d\u0131r Ay\u00e7i\u00e7ek, Denizli \u0130l Sa\u011fl\u0131k M\u00fcd\u00fcr\u00fc Uz. Dr. Berna \u00d6zt\u00fcrk, Denizli \u0130l Milli E\u011fitim M\u00fcd\u00fcr\u00fc Emre \u00c7al\u0131\u015fkan, sa\u011fl\u0131k \u00e7al\u0131\u015fanlar\u0131, \u00f6\u011fretmenler, \u00f6\u011frenciler ve \u00e7ok say\u0131da vatanda\u015f kat\u0131ld\u0131.<\/p>\n<p>Y\u00fcr\u00fcy\u00fc\u015f saat 11.00\u2019de Denizli Valisi \u00d6mer Faruk Co\u015fkun\u2019un start\u0131yla ba\u015flarken, protokol \u00fcyeleri ve vatanda\u015flar birlikte y\u00fcr\u00fcd\u00fc. Y\u00fcr\u00fcy\u00fc\u015fte fiziksel aktivitenin kalp sa\u011fl\u0131\u011f\u0131, ruhsal iyilik hali ve ya\u015fam kalitesi \u00fczerindeki olumlu etkilerine vurgu yap\u0131ld\u0131. Y\u00fcr\u00fcy\u00fc\u015f sonras\u0131nda Denizli \u0130l Sa\u011fl\u0131k M\u00fcd\u00fcrl\u00fc\u011f\u00fc taraf\u0131ndan kurulan bilgilendirme stantlar\u0131nda fiziksel aktivite sa\u011fl\u0131kl\u0131 beslenme ve kronik hastal\u0131klarla m\u00fccadele konusunda bilgilendirme yap\u0131larak vatanda\u015flara bro\u015f\u00fcr da\u011f\u0131t\u0131ld\u0131. Kat\u0131l\u0131mc\u0131lara sa\u011fl\u0131kl\u0131 at\u0131\u015ft\u0131rmal\u0131klar ve su ikram edildi. Tansiyon, boy-kilo \u00f6l\u00e7\u00fcm\u00fc gibi sa\u011fl\u0131k taramalar\u0131 da yap\u0131ld\u0131.<\/p>\n<p>Denizli Valisi \u00d6mer Faruk Co\u015fkun, hareketsiz ya\u015fam tarz\u0131n\u0131n \u00e7a\u011f\u0131n en \u00f6nemli sa\u011fl\u0131k sorunlar\u0131ndan birisi oldu\u011funa dikkat \u00e7ekerek \u015funlar\u0131 s\u00f6yledi: &#8220;\u00dclkemizde g\u00fcnl\u00fck ya\u015famda fiziksel aktivite d\u00fczeyini art\u0131rmak amac\u0131yla Sa\u011fl\u0131k Bakanl\u0131\u011f\u0131m\u0131z taraf\u0131ndan hedefler belirlenmi\u015f ve toplumu fiziksel aktiviteye \u00f6zendirmek i\u00e7in \u00e7al\u0131\u015fmalar y\u00fcr\u00fct\u00fclmektedir. Sa\u011fl\u0131k Bakanl\u0131\u011f\u0131m\u0131z taraf\u0131ndan \u00fclke genelinde en az 10 milyon vatanda\u015f\u0131m\u0131za ula\u015f\u0131lmas\u0131 hedeflenen \u2018\u2019\u0130deal Kilonu \u00d6\u011fren, Sa\u011fl\u0131kl\u0131 Ya\u015fa\u2019\u2019 kampanyas\u0131yla 10 May\u0131s-10 Temmuz 2025 tarihleri aras\u0131nda, ilimizde vatanda\u015flar\u0131m\u0131z\u0131n \u00f6l\u00e7\u00fcmleri yap\u0131larak toplumda fazla kiloluluk ve obezite ile m\u00fccadele konusunda fark\u0131ndal\u0131k olu\u015fturulmas\u0131 hedeflenmektedir. Yine Sa\u011fl\u0131k Bakanl\u0131\u011f\u0131 ile Milli E\u011fitim Bakanl\u0131\u011f\u0131 aras\u0131nda 18 Nisan 2025 tarihinde imzalanan \u2018Sa\u011fl\u0131kl\u0131 \u00c7ocuk, Sa\u011fl\u0131kl\u0131 Gelecek\u2019 protokol\u00fc ile T\u00fcrkiye genelinde ilkokul \u00e7a\u011f\u0131ndaki \u00e7ocuklara k\u00fc\u00e7\u00fck ya\u015flardan itibaren sa\u011fl\u0131kl\u0131 ya\u015fam al\u0131\u015fkanl\u0131klar\u0131 kazand\u0131rmak, \u00e7ocuklar\u0131n sa\u011fl\u0131k konular\u0131ndaki bilgi d\u00fczeylerini ve fark\u0131ndal\u0131klar\u0131n\u0131 art\u0131rmak ama\u00e7lanmaktad\u0131r. Bu do\u011frultuda bug\u00fcn ger\u00e7ekle\u015ftirdi\u011fimiz y\u00fcr\u00fcy\u00fc\u015fle birlikte ilimizde bu projelerinin de start\u0131n\u0131 vermi\u015f bulunuyoruz. T\u00fcm halk\u0131m\u0131z\u0131 kaliteli ve sa\u011fl\u0131kl\u0131 ya\u015fam i\u00e7in hareketli ya\u015fama davet ediyoruz&#8221;<br \/><\/p>\n","protected":false},"excerpt":{"rendered":"<p>Denizli \u0130l Sa\u011fl\u0131k M\u00fcd\u00fcrl\u00fc\u011f\u00fc ve Denizli \u0130l Milli E\u011fitim M\u00fcd\u00fcrl\u00fc\u011f\u00fc i\u015fbirli\u011fiyle 10 May\u0131s Sa\u011fl\u0131k \u0130\u00e7in Hareket Et G\u00fcn\u00fc\u2019nde toplumda sa\u011fl\u0131kl\u0131 ya\u015fam al\u0131\u015fkanl\u0131klar\u0131n\u0131 yayg\u0131nla\u015ft\u0131rmak ve fiziksel aktivitenin \u00f6nemine dikkat \u00e7ekmek amac\u0131yla y\u00fcr\u00fcy\u00fc\u015f d\u00fczenlendi. Ayr\u0131ca \u2018\u0130deal Kilonu \u00d6\u011fren, Sa\u011fl\u0131kl\u0131 Ya\u015fa\u2019 ve \u2018Sa\u011fl\u0131kl\u0131 \u00c7ocuk, Sa\u011fl\u0131kl\u0131 Gelecek\u2019 projelerinin de start\u0131 verildi. 10 May\u0131s Sa\u011fl\u0131k \u0130\u00e7in Hareket Et G\u00fcn\u00fc kapsam\u0131nda&#8230;<\/p>\n","protected":false},"author":1,"featured_media":27738,"comment_status":"open","ping_status":"open","sticky":false,"template":"","format":"standard","meta":{"_crdt_document":"","footnotes":""},"categories":[2],"tags":[],"class_list":["post-27737","post","type-post","status-publish","format-standard","has-post-thumbnail","hentry","category-saglik"],"_links":{"self":[{"href":"https:\/\/www.egemtv.com\/index.php?rest_route=\/wp\/v2\/posts\/27737","targetHints":{"allow":["GET"]}}],"collection":[{"href":"https:\/\/www.egemtv.com\/index.php?rest_route=\/wp\/v2\/posts"}],"about":[{"href":"https:\/\/www.egemtv.com\/index.php?rest_route=\/wp\/v2\/types\/post"}],"author":[{"embeddable":true,"href":"https:\/\/www.egemtv.com\/index.php?rest_route=\/wp\/v2\/users\/1"}],"replies":[{"embeddable":true,"href":"https:\/\/www.egemtv.com\/index.php?rest_route=%2Fwp%2Fv2%2Fcomments&post=27737"}],"version-history":[{"count":1,"href":"https:\/\/www.egemtv.com\/index.php?rest_route=\/wp\/v2\/posts\/27737\/revisions"}],"predecessor-version":[{"id":27739,"href":"https:\/\/www.egemtv.com\/index.php?rest_route=\/wp\/v2\/posts\/27737\/revisions\/27739"}],"wp:featuredmedia":[{"embeddable":true,"href":"https:\/\/www.egemtv.com\/index.php?rest_route=\/wp\/v2\/media\/27738"}],"wp:attachment":[{"href":"https:\/\/www.egemtv.com\/index.php?rest_route=%2Fwp%2Fv2%2Fmedia&parent=27737"}],"wp:term":[{"taxonomy":"category","embeddable":true,"href":"https:\/\/www.egemtv.com\/index.php?rest_route=%2Fwp%2Fv2%2Fcategories&post=27737"},{"taxonomy":"post_tag","embeddable":true,"href":"https:\/\/www.egemtv.com\/index.php?rest_route=%2Fwp%2Fv2%2Ftags&post=27737"}],"curies":[{"name":"wp","href":"https:\/\/api.w.org\/{rel}","templated":true}]}}