{"id":27734,"date":"2025-05-10T19:35:37","date_gmt":"2025-05-10T16:35:37","guid":{"rendered":"https:\/\/www.egemtv.com\/?p=27734"},"modified":"2025-05-10T19:35:42","modified_gmt":"2025-05-10T16:35:42","slug":"turk-polis-teskilatinin-180-yili-aydinda-personel-dayanisma-etkinligiyle-taclandi","status":"publish","type":"post","link":"https:\/\/www.egemtv.com\/?p=27734","title":{"rendered":"T\u00fcrk Polis Te\u015fkilat\u0131\u2019n\u0131n 180. Y\u0131l\u0131 Ayd\u0131n\u2019da personel dayan\u0131\u015fma etkinli\u011fiyle ta\u00e7land\u0131"},"content":{"rendered":"<p>Ayd\u0131n \u0130l Emniyet M\u00fcd\u00fcrl\u00fc\u011f\u00fc, T\u00fcrk Polis Te\u015fkilat\u0131\u2019n\u0131n 180. kurulu\u015f y\u0131l d\u00f6n\u00fcm\u00fc kapsam\u0131nda personel dayan\u0131\u015fma etkinli\u011fi d\u00fczenledi. Renkli g\u00f6r\u00fcnt\u00fclere sahne olan etkinlikte emniyet personeli ve aileleri keyifli bir g\u00fcn ge\u00e7irdi.<\/p>\n<p>Ayd\u0131n\u2019da T\u00fcrk Polis Te\u015fkilat\u0131\u2019n\u0131n 180. kurulu\u015f y\u0131l d\u00f6n\u00fcm\u00fc dolay\u0131s\u0131yla Ayd\u0131n \u0130l Emniyet M\u00fcd\u00fcrl\u00fc\u011f\u00fc taraf\u0131ndan d\u00fczenlenen Personel Dayan\u0131\u015fma Etkinli\u011fi, yo\u011fun kat\u0131l\u0131mla ger\u00e7ekle\u015ftirildi. Yar\u0131\u015fmalar, g\u00f6steriler ve \u00e7e\u015fitli aktivitelerle dolu etkinlikte birlik ve beraberlik mesaj\u0131 verildi. Program\u0131n a\u00e7\u0131l\u0131\u015f konu\u015fmas\u0131n\u0131 yapan Ayd\u0131n \u0130l Emniyet M\u00fcd\u00fcr\u00fc Arma\u011fan Adnan Erdo\u011fan, &#8220;\u0130limizde huzur ve g\u00fcven ortam\u0131n\u0131n devam etmesi noktas\u0131nda b\u00fcy\u00fck bir \u00f6zveri ve fedakarl\u0131kla g\u00f6rev yapan t\u00fcm mesai arkada\u015flar\u0131m ve siz de\u011ferli misafirlerimiz bu g\u00fczel etkinlikte bir arada olman\u0131n mutlulu\u011funu ya\u015f\u0131yoruz. Vatanda\u015flar\u0131m\u0131z\u0131n g\u00fcveni ve deste\u011fi ile y\u00fcr\u00fctm\u00fc\u015f oldu\u011fumuz, su\u00e7 ve su\u00e7luyla etkin m\u00fccadelemizde, moral ve motivasyonu artt\u0131rmak, b\u00fcy\u00fck bir aile olman\u0131n \u015fuuri ile birlik ve beraberli\u011fimizi peki\u015ftirmek, halka b\u00fct\u00fcnle\u015fmi\u015f hizmet anlay\u0131\u015f\u0131m\u0131z\u0131 daha ileriye ta\u015f\u0131mak amac\u0131yla d\u00fczenledi\u011fimiz bu organizasyonun her a\u015famas\u0131na g\u00f6n\u00fclden katk\u0131da bulunan herkese te\u015fkilat\u0131m ad\u0131na \u015f\u00fckranlar\u0131m\u0131 sunuyorum. Bu vesile ile ba\u015fta \u015fehit ve gazilerimizin cefakar ve fedakar anneleri ba\u015fta olmak \u00fczere t\u00fcm annelerimizin Anneler G\u00fcn\u00fc\u2019n\u00fc en i\u00e7ten dileklerimle kutluyorum&#8221; diye konu\u015ftu.<\/p>\n<p>Etkinlikte halk oyunlar\u0131 g\u00f6sterileri izleyicilerden b\u00fcy\u00fck be\u011feni toplarken, sonras\u0131nda emniyet personelinin kat\u0131ld\u0131\u011f\u0131 yumurta ta\u015f\u0131ma, \u00e7uval ve halat \u00e7ekme yar\u0131\u015fmalar\u0131 e\u011flenceli anlara sahne oldu. Yar\u0131\u015fmalarda dereceye girenlere \u00e7e\u015fitli hediyeler takdim edildi.<\/p>\n<p>Etkinlik alan\u0131nda emniyet mensuplar\u0131 ve aileleri \u00e7e\u015fitli ikramlarda bulunulurken, \u00e7ocuklar i\u00e7in kurulan \u015fi\u015fme oyun alanlar\u0131 da minik misafirlerin ne\u015fesine ne\u015fe katt\u0131. G\u00fcn boyunca m\u00fczik e\u015fli\u011finde e\u011flenen aileler, unutulmaz bir g\u00fcn ya\u015fad\u0131.<\/p>\n<p>Programa; AK Parti Ayd\u0131n Milletvekilleri, Ayd\u0131n Valisi Yakup Canbolat, Ayd\u0131n \u0130l Emniyet M\u00fcd\u00fcr\u00fc Arma\u011fan Adnan Erdo\u011fan, Ayd\u0131n B\u00fcy\u00fck\u015fehir Belediye Ba\u015fkan\u0131 \u00d6zlem \u00c7er\u00e7io\u011flu, il protokol\u00fc, Ayd\u0131n \u0130l Emniyet M\u00fcd\u00fcrl\u00fc\u011f\u00fc personeli ve aileleri kat\u0131ld\u0131.<br \/><\/p>\n","protected":false},"excerpt":{"rendered":"<p>Ayd\u0131n \u0130l Emniyet M\u00fcd\u00fcrl\u00fc\u011f\u00fc, T\u00fcrk Polis Te\u015fkilat\u0131\u2019n\u0131n 180. kurulu\u015f y\u0131l d\u00f6n\u00fcm\u00fc kapsam\u0131nda personel dayan\u0131\u015fma etkinli\u011fi d\u00fczenledi. Renkli g\u00f6r\u00fcnt\u00fclere sahne olan etkinlikte emniyet personeli ve aileleri keyifli bir g\u00fcn ge\u00e7irdi. Ayd\u0131n\u2019da T\u00fcrk Polis Te\u015fkilat\u0131\u2019n\u0131n 180. kurulu\u015f y\u0131l d\u00f6n\u00fcm\u00fc dolay\u0131s\u0131yla Ayd\u0131n \u0130l Emniyet M\u00fcd\u00fcrl\u00fc\u011f\u00fc taraf\u0131ndan d\u00fczenlenen Personel Dayan\u0131\u015fma Etkinli\u011fi, yo\u011fun kat\u0131l\u0131mla ger\u00e7ekle\u015ftirildi. Yar\u0131\u015fmalar, g\u00f6steriler ve \u00e7e\u015fitli aktivitelerle&#8230;<\/p>\n","protected":false},"author":1,"featured_media":27735,"comment_status":"open","ping_status":"open","sticky":false,"template":"","format":"standard","meta":{"_crdt_document":"","footnotes":""},"categories":[1],"tags":[],"class_list":["post-27734","post","type-post","status-publish","format-standard","has-post-thumbnail","hentry","category-guncel"],"_links":{"self":[{"href":"https:\/\/www.egemtv.com\/index.php?rest_route=\/wp\/v2\/posts\/27734","targetHints":{"allow":["GET"]}}],"collection":[{"href":"https:\/\/www.egemtv.com\/index.php?rest_route=\/wp\/v2\/posts"}],"about":[{"href":"https:\/\/www.egemtv.com\/index.php?rest_route=\/wp\/v2\/types\/post"}],"author":[{"embeddable":true,"href":"https:\/\/www.egemtv.com\/index.php?rest_route=\/wp\/v2\/users\/1"}],"replies":[{"embeddable":true,"href":"https:\/\/www.egemtv.com\/index.php?rest_route=%2Fwp%2Fv2%2Fcomments&post=27734"}],"version-history":[{"count":1,"href":"https:\/\/www.egemtv.com\/index.php?rest_route=\/wp\/v2\/posts\/27734\/revisions"}],"predecessor-version":[{"id":27736,"href":"https:\/\/www.egemtv.com\/index.php?rest_route=\/wp\/v2\/posts\/27734\/revisions\/27736"}],"wp:featuredmedia":[{"embeddable":true,"href":"https:\/\/www.egemtv.com\/index.php?rest_route=\/wp\/v2\/media\/27735"}],"wp:attachment":[{"href":"https:\/\/www.egemtv.com\/index.php?rest_route=%2Fwp%2Fv2%2Fmedia&parent=27734"}],"wp:term":[{"taxonomy":"category","embeddable":true,"href":"https:\/\/www.egemtv.com\/index.php?rest_route=%2Fwp%2Fv2%2Fcategories&post=27734"},{"taxonomy":"post_tag","embeddable":true,"href":"https:\/\/www.egemtv.com\/index.php?rest_route=%2Fwp%2Fv2%2Ftags&post=27734"}],"curies":[{"name":"wp","href":"https:\/\/api.w.org\/{rel}","templated":true}]}}