{"id":27731,"date":"2025-05-10T19:15:43","date_gmt":"2025-05-10T16:15:43","guid":{"rendered":"https:\/\/www.egemtv.com\/?p=27731"},"modified":"2025-05-10T19:15:47","modified_gmt":"2025-05-10T16:15:47","slug":"sehit-annesine-anlamli-ziyaret","status":"publish","type":"post","link":"https:\/\/www.egemtv.com\/?p=27731","title":{"rendered":"\u015eehit annesine anlaml\u0131 ziyaret"},"content":{"rendered":"<p>Manisa\u2019n\u0131n Sar\u0131g\u00f6l il\u00e7esinde, \u015eehit Esin Akay \u0130lkokulu M\u00fcd\u00fcr\u00fc Mehmet Alt\u0131nta\u015f, \u00f6\u011fretmenler ve temsili \u00f6\u011frenciler, Anneler G\u00fcn\u00fc dolay\u0131s\u0131yla ojula ismini veren \u015fehit Esin Akay\u2019\u0131n annesi Hediye Akay\u2019\u0131 evinde ziyaret ederek Anneler G\u00fcn\u00fc\u2019n\u00fc kutlad\u0131.<br \/>\n<br \/>Ziyaretten duydu\u011fu memnuniyeti dile getiren \u015fehit annesi Hediye Akay, &#8220;O\u011flum 1998 y\u0131l\u0131nda \u015fehit oldu. Onun ad\u0131na elimizin eme\u011fiyle okul yapt\u0131rd\u0131k. Orada okuyan t\u00fcm \u00e7ocuklar\u0131m\u0131z bizim i\u00e7in birer \u2019Esin\u2019&#8221; dedi.<br \/>\n<br \/>Ziyaret s\u0131ras\u0131nda Hediye Akay ve e\u015fi Mustafa Akay, okul m\u00fcd\u00fcr\u00fc, \u00f6\u011fretmenler ve \u00f6\u011frencilerle sohbet etti.<br \/>\n<br \/>\u015eehit Esin Akay \u0130lkokulu M\u00fcd\u00fcr\u00fc Mehmet Alt\u0131nta\u015f, &#8220;Vatan i\u00e7in evlad\u0131n\u0131 \u015fehit veren ve o\u011flunun ismiyle okul yapt\u0131ran de\u011ferli b\u00fcy\u00fcklerimizi ziyaret ederek, Hediye annemizin Anneler G\u00fcn\u00fc\u2019n\u00fc kutlad\u0131k. Mustafa abimize ve Hediye annemize Allah\u2019tan sa\u011fl\u0131kl\u0131 ve uzun \u00f6m\u00fcrler diliyoruz&#8221; ifadelerini kulland\u0131.<br \/>\n<br \/>Ziyarete \u00f6\u011fretmenler Ay\u015fe Bet\u00fcl Y\u0131ld\u0131zhan ve Tu\u011fba S\u00fcr\u00fcc\u00fc de e\u015flik etti.<br \/><\/p>\n","protected":false},"excerpt":{"rendered":"<p>Manisa\u2019n\u0131n Sar\u0131g\u00f6l il\u00e7esinde, \u015eehit Esin Akay \u0130lkokulu M\u00fcd\u00fcr\u00fc Mehmet Alt\u0131nta\u015f, \u00f6\u011fretmenler ve temsili \u00f6\u011frenciler, Anneler G\u00fcn\u00fc dolay\u0131s\u0131yla ojula ismini veren \u015fehit Esin Akay\u2019\u0131n annesi Hediye Akay\u2019\u0131 evinde ziyaret ederek Anneler G\u00fcn\u00fc\u2019n\u00fc kutlad\u0131. Ziyaretten duydu\u011fu memnuniyeti dile getiren \u015fehit annesi Hediye Akay, &#8220;O\u011flum 1998 y\u0131l\u0131nda \u015fehit oldu. Onun ad\u0131na elimizin eme\u011fiyle okul yapt\u0131rd\u0131k. Orada okuyan t\u00fcm&#8230;<\/p>\n","protected":false},"author":1,"featured_media":27732,"comment_status":"open","ping_status":"open","sticky":false,"template":"","format":"standard","meta":{"_crdt_document":"","footnotes":""},"categories":[123],"tags":[],"class_list":["post-27731","post","type-post","status-publish","format-standard","has-post-thumbnail","hentry","category-gundem"],"_links":{"self":[{"href":"https:\/\/www.egemtv.com\/index.php?rest_route=\/wp\/v2\/posts\/27731","targetHints":{"allow":["GET"]}}],"collection":[{"href":"https:\/\/www.egemtv.com\/index.php?rest_route=\/wp\/v2\/posts"}],"about":[{"href":"https:\/\/www.egemtv.com\/index.php?rest_route=\/wp\/v2\/types\/post"}],"author":[{"embeddable":true,"href":"https:\/\/www.egemtv.com\/index.php?rest_route=\/wp\/v2\/users\/1"}],"replies":[{"embeddable":true,"href":"https:\/\/www.egemtv.com\/index.php?rest_route=%2Fwp%2Fv2%2Fcomments&post=27731"}],"version-history":[{"count":1,"href":"https:\/\/www.egemtv.com\/index.php?rest_route=\/wp\/v2\/posts\/27731\/revisions"}],"predecessor-version":[{"id":27733,"href":"https:\/\/www.egemtv.com\/index.php?rest_route=\/wp\/v2\/posts\/27731\/revisions\/27733"}],"wp:featuredmedia":[{"embeddable":true,"href":"https:\/\/www.egemtv.com\/index.php?rest_route=\/wp\/v2\/media\/27732"}],"wp:attachment":[{"href":"https:\/\/www.egemtv.com\/index.php?rest_route=%2Fwp%2Fv2%2Fmedia&parent=27731"}],"wp:term":[{"taxonomy":"category","embeddable":true,"href":"https:\/\/www.egemtv.com\/index.php?rest_route=%2Fwp%2Fv2%2Fcategories&post=27731"},{"taxonomy":"post_tag","embeddable":true,"href":"https:\/\/www.egemtv.com\/index.php?rest_route=%2Fwp%2Fv2%2Ftags&post=27731"}],"curies":[{"name":"wp","href":"https:\/\/api.w.org\/{rel}","templated":true}]}}