{"id":27728,"date":"2025-05-10T19:15:38","date_gmt":"2025-05-10T16:15:38","guid":{"rendered":"https:\/\/www.egemtv.com\/?p=27728"},"modified":"2025-05-10T19:15:43","modified_gmt":"2025-05-10T16:15:43","slug":"evli-cift-kavga-etti-kadin-emniyette-ifade-verirken-kocasi-evi-ve-arabalari-yakti","status":"publish","type":"post","link":"https:\/\/www.egemtv.com\/?p=27728","title":{"rendered":"Evli \u00e7ift kavga etti: Kad\u0131n emniyette ifade verirken, kocas\u0131 evi ve arabalar\u0131 yakt\u0131"},"content":{"rendered":"<p>U\u015fak\u2019ta evli \u00e7ift aras\u0131nda \u00e7\u0131kan tart\u0131\u015fman\u0131n \u00fczerine, kad\u0131n emniyette ifade verirken koca ise \u00f6nce daireyi sonra ise binan\u0131n \u00f6n\u00fcnde bulunan arabalar\u0131 yakarak olay yerinden ka\u00e7t\u0131.<br \/>\n<br \/>Edinilen bilgilere g\u00f6re, Sarayalt\u0131 Mahallesi Celal Bayar Caddesi \u00fczerinde bulunan 8 katl\u0131 binan\u0131n giri\u015f kat\u0131nda oturan koca N.U. (45) ile e\u015fi E.U. (36) aras\u0131nda sabah saatlerinde tart\u0131\u015fma \u00e7\u0131kt\u0131. Tart\u0131\u015fman\u0131n ard\u0131ndan E.U. adl\u0131 kad\u0131n, U\u015fak \u0130l Emniyet M\u00fcd\u00fcrl\u00fc\u011f\u00fc\u2019ne giderek m\u00fcracaatta bulundu. E.U. emniyette bulundu\u011fu esnada kocas\u0131 N.U. ise ikamet ettikleri daireyi ve binan\u0131n \u00f6n\u00fcnde bulunan E.U\u2019ya ait iki arac\u0131 yakarak olay yerinden ka\u00e7t\u0131.<br \/>\n<br \/>\u00c7evredeki vatanda\u015flar\u0131n durumu 112 Acil \u00c7a\u011fr\u0131 Merkezi\u2019ne bildirmesi \u00fczerine olay yerine 112 sa\u011fl\u0131k, polis ve itfaiye ekipleri sevk edildi. \u0130tfaiye ekiplerin h\u0131zl\u0131 m\u00fcdahalesi ile dairede ve ara\u00e7taki yang\u0131n ba\u015fka yere s\u0131\u00e7ramadan s\u00f6nd\u00fcr\u00fcl\u00fcrken, apartmandaki vatanda\u015flar tedbir ama\u00e7l\u0131 bo\u015falt\u0131ld\u0131.<br \/>\n<br \/>\u00d6te yandan, polis ekiplerince \u00e7evrede geni\u015f \u00e7apl\u0131 g\u00fcvenlik \u00f6nlemi al\u0131n\u0131rken, olay\u0131 ger\u00e7ekle\u015ftiren N.U\u2019nun yakalanmas\u0131 i\u00e7in \u00e7al\u0131\u015fma ba\u015flat\u0131ld\u0131\u011f\u0131 \u00f6\u011frenildi.<br \/><\/p>\n","protected":false},"excerpt":{"rendered":"<p>U\u015fak\u2019ta evli \u00e7ift aras\u0131nda \u00e7\u0131kan tart\u0131\u015fman\u0131n \u00fczerine, kad\u0131n emniyette ifade verirken koca ise \u00f6nce daireyi sonra ise binan\u0131n \u00f6n\u00fcnde bulunan arabalar\u0131 yakarak olay yerinden ka\u00e7t\u0131. Edinilen bilgilere g\u00f6re, Sarayalt\u0131 Mahallesi Celal Bayar Caddesi \u00fczerinde bulunan 8 katl\u0131 binan\u0131n giri\u015f kat\u0131nda oturan koca N.U. (45) ile e\u015fi E.U. (36) aras\u0131nda sabah saatlerinde tart\u0131\u015fma \u00e7\u0131kt\u0131. Tart\u0131\u015fman\u0131n ard\u0131ndan&#8230;<\/p>\n","protected":false},"author":1,"featured_media":27729,"comment_status":"open","ping_status":"open","sticky":false,"template":"","format":"standard","meta":{"_crdt_document":"","footnotes":""},"categories":[5],"tags":[],"class_list":["post-27728","post","type-post","status-publish","format-standard","has-post-thumbnail","hentry","category-asayis"],"_links":{"self":[{"href":"https:\/\/www.egemtv.com\/index.php?rest_route=\/wp\/v2\/posts\/27728","targetHints":{"allow":["GET"]}}],"collection":[{"href":"https:\/\/www.egemtv.com\/index.php?rest_route=\/wp\/v2\/posts"}],"about":[{"href":"https:\/\/www.egemtv.com\/index.php?rest_route=\/wp\/v2\/types\/post"}],"author":[{"embeddable":true,"href":"https:\/\/www.egemtv.com\/index.php?rest_route=\/wp\/v2\/users\/1"}],"replies":[{"embeddable":true,"href":"https:\/\/www.egemtv.com\/index.php?rest_route=%2Fwp%2Fv2%2Fcomments&post=27728"}],"version-history":[{"count":1,"href":"https:\/\/www.egemtv.com\/index.php?rest_route=\/wp\/v2\/posts\/27728\/revisions"}],"predecessor-version":[{"id":27730,"href":"https:\/\/www.egemtv.com\/index.php?rest_route=\/wp\/v2\/posts\/27728\/revisions\/27730"}],"wp:featuredmedia":[{"embeddable":true,"href":"https:\/\/www.egemtv.com\/index.php?rest_route=\/wp\/v2\/media\/27729"}],"wp:attachment":[{"href":"https:\/\/www.egemtv.com\/index.php?rest_route=%2Fwp%2Fv2%2Fmedia&parent=27728"}],"wp:term":[{"taxonomy":"category","embeddable":true,"href":"https:\/\/www.egemtv.com\/index.php?rest_route=%2Fwp%2Fv2%2Fcategories&post=27728"},{"taxonomy":"post_tag","embeddable":true,"href":"https:\/\/www.egemtv.com\/index.php?rest_route=%2Fwp%2Fv2%2Ftags&post=27728"}],"curies":[{"name":"wp","href":"https:\/\/api.w.org\/{rel}","templated":true}]}}