{"id":27725,"date":"2025-05-10T18:15:29","date_gmt":"2025-05-10T15:15:29","guid":{"rendered":"https:\/\/www.egemtv.com\/?p=27725"},"modified":"2025-05-10T18:15:34","modified_gmt":"2025-05-10T15:15:34","slug":"domanicte-3-gundur-haber-alinamayan-esnafi-arama-calismalari-suruyor","status":"publish","type":"post","link":"https:\/\/www.egemtv.com\/?p=27725","title":{"rendered":"Domani\u00e7\u2019te 3 g\u00fcnd\u00fcr haber al\u0131namayan esnaf\u0131 arama \u00e7al\u0131\u015fmalar\u0131 s\u00fcr\u00fcyor"},"content":{"rendered":"<p>K\u00fctahya\u2019n\u0131n Domani\u00e7 il\u00e7esi Durabey k\u00f6y\u00fcnde 3 g\u00fcnden beri kendisinden haber al\u0131namayan esnaf\u0131n bulunmas\u0131na y\u00f6nelik ba\u015flat\u0131lan arama \u00e7al\u0131\u015fmalar\u0131n\u0131n devam etti\u011fi bildirildi.<br \/>\n<br \/>Edinilen bilgiye g\u00f6re, Durabey k\u00f6y\u00fcnde ikamet eden ve 8 May\u0131s 2025 Per\u015fembe g\u00fcn\u00fc sabah saatlerinde evden yaya olarak \u00e7\u0131kan 40 ya\u015f\u0131ndaki trakt\u00f6r tamircisi Sami \u0130lik\u2019in ak\u015fam eve d\u00f6nmemesi \u00fczerine yak\u0131nlar\u0131 yetkililere kay\u0131p ba\u015fvurusunda bulundu.<br \/>\n<br \/>Kay\u0131p Sami \u0130lik i\u00e7in jandarma, AFAD ve \u0130NDAK ekipleri taraf\u0131ndan b\u00f6lgede drone ve arama k\u00f6pekleri kullan\u0131larak arama \u00e7al\u0131\u015fmas\u0131 ba\u015flat\u0131ld\u0131. Arama \u00e7al\u0131\u015fmalar\u0131na k\u00f6yl\u00fcler de destek veriyor.<br \/>\n<br \/>Arama \u00e7al\u0131\u015fmalar\u0131n\u0131 3 g\u00fcnden beri s\u00fcrd\u00fcren ekiplerin kay\u0131p vatanda\u015f\u0131n izine hen\u00fcz ula\u015famad\u0131.<br \/><\/p>\n","protected":false},"excerpt":{"rendered":"<p>K\u00fctahya\u2019n\u0131n Domani\u00e7 il\u00e7esi Durabey k\u00f6y\u00fcnde 3 g\u00fcnden beri kendisinden haber al\u0131namayan esnaf\u0131n bulunmas\u0131na y\u00f6nelik ba\u015flat\u0131lan arama \u00e7al\u0131\u015fmalar\u0131n\u0131n devam etti\u011fi bildirildi. Edinilen bilgiye g\u00f6re, Durabey k\u00f6y\u00fcnde ikamet eden ve 8 May\u0131s 2025 Per\u015fembe g\u00fcn\u00fc sabah saatlerinde evden yaya olarak \u00e7\u0131kan 40 ya\u015f\u0131ndaki trakt\u00f6r tamircisi Sami \u0130lik\u2019in ak\u015fam eve d\u00f6nmemesi \u00fczerine yak\u0131nlar\u0131 yetkililere kay\u0131p ba\u015fvurusunda bulundu. Kay\u0131p&#8230;<\/p>\n","protected":false},"author":1,"featured_media":27726,"comment_status":"open","ping_status":"open","sticky":false,"template":"","format":"standard","meta":{"_crdt_document":"","footnotes":""},"categories":[5],"tags":[],"class_list":["post-27725","post","type-post","status-publish","format-standard","has-post-thumbnail","hentry","category-asayis"],"_links":{"self":[{"href":"https:\/\/www.egemtv.com\/index.php?rest_route=\/wp\/v2\/posts\/27725","targetHints":{"allow":["GET"]}}],"collection":[{"href":"https:\/\/www.egemtv.com\/index.php?rest_route=\/wp\/v2\/posts"}],"about":[{"href":"https:\/\/www.egemtv.com\/index.php?rest_route=\/wp\/v2\/types\/post"}],"author":[{"embeddable":true,"href":"https:\/\/www.egemtv.com\/index.php?rest_route=\/wp\/v2\/users\/1"}],"replies":[{"embeddable":true,"href":"https:\/\/www.egemtv.com\/index.php?rest_route=%2Fwp%2Fv2%2Fcomments&post=27725"}],"version-history":[{"count":1,"href":"https:\/\/www.egemtv.com\/index.php?rest_route=\/wp\/v2\/posts\/27725\/revisions"}],"predecessor-version":[{"id":27727,"href":"https:\/\/www.egemtv.com\/index.php?rest_route=\/wp\/v2\/posts\/27725\/revisions\/27727"}],"wp:featuredmedia":[{"embeddable":true,"href":"https:\/\/www.egemtv.com\/index.php?rest_route=\/wp\/v2\/media\/27726"}],"wp:attachment":[{"href":"https:\/\/www.egemtv.com\/index.php?rest_route=%2Fwp%2Fv2%2Fmedia&parent=27725"}],"wp:term":[{"taxonomy":"category","embeddable":true,"href":"https:\/\/www.egemtv.com\/index.php?rest_route=%2Fwp%2Fv2%2Fcategories&post=27725"},{"taxonomy":"post_tag","embeddable":true,"href":"https:\/\/www.egemtv.com\/index.php?rest_route=%2Fwp%2Fv2%2Ftags&post=27725"}],"curies":[{"name":"wp","href":"https:\/\/api.w.org\/{rel}","templated":true}]}}