{"id":27722,"date":"2025-05-10T17:19:15","date_gmt":"2025-05-10T14:19:15","guid":{"rendered":"https:\/\/www.egemtv.com\/?p=27722"},"modified":"2025-05-10T17:19:22","modified_gmt":"2025-05-10T14:19:22","slug":"baskan-ozen-engellilerin-sorunlarina-degil-cozumlerine-odaklanalim","status":"publish","type":"post","link":"https:\/\/www.egemtv.com\/?p=27722","title":{"rendered":"Ba\u015fkan \u00d6zen: &#8220;Engellilerin sorunlar\u0131na de\u011fil, \u00e7\u00f6z\u00fcmlerine odaklanal\u0131m&#8221;"},"content":{"rendered":"<p>Alt\u0131 Nokta K\u00f6rler Derne\u011fi Bas\u0131n Yay\u0131n ve Halkla \u0130li\u015fkilerden Sorumlu Genel Ba\u015fkan Yard\u0131mc\u0131s\u0131 ve Ayd\u0131n \u015eube Ba\u015fkan\u0131 Bayram \u00d6zen 10-16 May\u0131s Engelliler Haftas\u0131 dolay\u0131s\u0131yla yapt\u0131\u011f\u0131 a\u00e7\u0131klamada, &#8220;Engellilerin sorunlar\u0131na de\u011fil, \u00e7\u00f6z\u00fcmlerine odaklanal\u0131m&#8221; dedi.<\/p>\n<p>Alt\u0131 Nokta K\u00f6rler Derne\u011fi Ayd\u0131n \u015eube Ba\u015fkan\u0131 Bayram \u00d6zen engellilik alan\u0131nda kar\u015f\u0131la\u015f\u0131lan sorunlar\u0131n \u00e7\u00f6z\u00fcm\u00fc i\u00e7in kal\u0131c\u0131 ve b\u00fct\u00fcnc\u00fcl politikalar\u0131n hayata ge\u00e7irilmesi gerekti\u011fini vurgulad\u0131. Ba\u015fkan \u00d6zen 10-16 May\u0131s Engelliler Haftas\u0131 dolay\u0131s\u0131yla yapt\u0131\u011f\u0131 a\u00e7\u0131klamas\u0131nda, &#8220;Engelliler Haftas\u0131, yaln\u0131zca fark\u0131ndal\u0131k olu\u015fturmak i\u00e7in de\u011fil; ayn\u0131 zamanda toplumu d\u00f6n\u00fc\u015ft\u00fcrmek, \u00e7\u00f6z\u00fcm \u00fcretmek ve e\u015fit ya\u015fam hakk\u0131n\u0131 savunmak i\u00e7in bir f\u0131rsatt\u0131r. G\u00f6rme engelliler ba\u015fta olmak \u00fczere t\u00fcm engelli bireylerin e\u011fitim, istihdam, ula\u015f\u0131m ve eri\u015filebilirlik gibi temel haklara eri\u015fimde ciddi engellerle kar\u015f\u0131 kar\u015f\u0131ya kal\u0131yor. Yasal d\u00fczenlemeler de sahada tam anlam\u0131yla uygulanm\u0131yor&#8221; dedi.<\/p>\n<p>Ba\u015fkan \u00d6zen a\u00e7\u0131klamas\u0131n\u0131n devam\u0131nda, &#8220;Alt\u0131 Nokta K\u00f6rler Derne\u011fi\u2019nin T\u00fcrkiye genelindeki t\u00fcm \u015fubelerinde oldu\u011fu gibi Ayd\u0131n \u015eubesi de bu hafta boyunca \u00e7e\u015fitli bilin\u00e7lendirme \u00e7al\u0131\u015fmalar\u0131 y\u00fcr\u00fct\u00fcl\u00fcyor. Paneller, kurum ziyaretleri ve sosyal medya kampanyalar\u0131 ile toplumsal duyarl\u0131l\u0131\u011f\u0131n art\u0131r\u0131lmas\u0131 ama\u00e7lan\u0131yor. Her y\u0131l 10-16 May\u0131s tarihleri aras\u0131nda g\u00fcndeme gelen Engelliler Haftas\u0131, engelli bireylerin kar\u015f\u0131la\u015ft\u0131\u011f\u0131 zorluklara dikkat \u00e7ekmek ve kamuoyunda fark\u0131ndal\u0131k olu\u015fturmak a\u00e7\u0131s\u0131ndan \u00f6nemli bir zaman dilimi. Bu haftan\u0131n sembolik etkinliklerle s\u0131n\u0131rl\u0131 kalmamas\u0131 gerekiyor. Bizler, bir haftal\u0131k ilginin \u00f6tesinde, y\u0131l\u0131n her g\u00fcn\u00fc e\u015fitlik ve eri\u015filebilirlik m\u00fccadelesi veriyoruz. Engellilik, bireyin de\u011fil, toplumun sorumlulu\u011fudur. Daha adil, daha eri\u015filebilir ve daha kapsay\u0131c\u0131 bir ya\u015fam hepimizin ortak hedefi olmal\u0131d\u0131r&#8221; ifadelerini kulland\u0131.<br \/><\/p>\n","protected":false},"excerpt":{"rendered":"<p>Alt\u0131 Nokta K\u00f6rler Derne\u011fi Bas\u0131n Yay\u0131n ve Halkla \u0130li\u015fkilerden Sorumlu Genel Ba\u015fkan Yard\u0131mc\u0131s\u0131 ve Ayd\u0131n \u015eube Ba\u015fkan\u0131 Bayram \u00d6zen 10-16 May\u0131s Engelliler Haftas\u0131 dolay\u0131s\u0131yla yapt\u0131\u011f\u0131 a\u00e7\u0131klamada, &#8220;Engellilerin sorunlar\u0131na de\u011fil, \u00e7\u00f6z\u00fcmlerine odaklanal\u0131m&#8221; dedi. Alt\u0131 Nokta K\u00f6rler Derne\u011fi Ayd\u0131n \u015eube Ba\u015fkan\u0131 Bayram \u00d6zen engellilik alan\u0131nda kar\u015f\u0131la\u015f\u0131lan sorunlar\u0131n \u00e7\u00f6z\u00fcm\u00fc i\u00e7in kal\u0131c\u0131 ve b\u00fct\u00fcnc\u00fcl politikalar\u0131n hayata ge\u00e7irilmesi gerekti\u011fini vurgulad\u0131&#8230;.<\/p>\n","protected":false},"author":1,"featured_media":27723,"comment_status":"open","ping_status":"open","sticky":false,"template":"","format":"standard","meta":{"_crdt_document":"","footnotes":""},"categories":[1],"tags":[],"class_list":["post-27722","post","type-post","status-publish","format-standard","has-post-thumbnail","hentry","category-guncel"],"_links":{"self":[{"href":"https:\/\/www.egemtv.com\/index.php?rest_route=\/wp\/v2\/posts\/27722","targetHints":{"allow":["GET"]}}],"collection":[{"href":"https:\/\/www.egemtv.com\/index.php?rest_route=\/wp\/v2\/posts"}],"about":[{"href":"https:\/\/www.egemtv.com\/index.php?rest_route=\/wp\/v2\/types\/post"}],"author":[{"embeddable":true,"href":"https:\/\/www.egemtv.com\/index.php?rest_route=\/wp\/v2\/users\/1"}],"replies":[{"embeddable":true,"href":"https:\/\/www.egemtv.com\/index.php?rest_route=%2Fwp%2Fv2%2Fcomments&post=27722"}],"version-history":[{"count":1,"href":"https:\/\/www.egemtv.com\/index.php?rest_route=\/wp\/v2\/posts\/27722\/revisions"}],"predecessor-version":[{"id":27724,"href":"https:\/\/www.egemtv.com\/index.php?rest_route=\/wp\/v2\/posts\/27722\/revisions\/27724"}],"wp:featuredmedia":[{"embeddable":true,"href":"https:\/\/www.egemtv.com\/index.php?rest_route=\/wp\/v2\/media\/27723"}],"wp:attachment":[{"href":"https:\/\/www.egemtv.com\/index.php?rest_route=%2Fwp%2Fv2%2Fmedia&parent=27722"}],"wp:term":[{"taxonomy":"category","embeddable":true,"href":"https:\/\/www.egemtv.com\/index.php?rest_route=%2Fwp%2Fv2%2Fcategories&post=27722"},{"taxonomy":"post_tag","embeddable":true,"href":"https:\/\/www.egemtv.com\/index.php?rest_route=%2Fwp%2Fv2%2Ftags&post=27722"}],"curies":[{"name":"wp","href":"https:\/\/api.w.org\/{rel}","templated":true}]}}