{"id":27719,"date":"2025-05-10T17:19:01","date_gmt":"2025-05-10T14:19:01","guid":{"rendered":"https:\/\/www.egemtv.com\/?p=27719"},"modified":"2025-05-10T17:19:15","modified_gmt":"2025-05-10T14:19:15","slug":"didim-myoda-140-ogrenci-kep-atti","status":"publish","type":"post","link":"https:\/\/www.egemtv.com\/?p=27719","title":{"rendered":"Didim MYO\u2019da 140 \u00f6\u011frenci kep att\u0131"},"content":{"rendered":"<p>Didim Meslek Y\u00fcksekokulu\u2019nun 2025 y\u0131l\u0131 mezuniyet t\u00f6reni d\u00fczenlendi. Amfi tiyatro bah\u00e7esinde ger\u00e7ekle\u015fen t\u00f6rende 3 b\u00f6l\u00fcmden toplam 140 \u00f6\u011frenci kep atarak mezuniyet co\u015fkusu ya\u015fad\u0131.<\/p>\n<p>Sayg\u0131 duru\u015funda bulunulmas\u0131 ve akabinde \u0130stiklal Mar\u015f\u0131n\u0131n okunmas\u0131n\u0131n ard\u0131ndan t\u00f6renin a\u00e7\u0131l\u0131\u015f konu\u015fmas\u0131n\u0131 Y\u00fcksekokul M\u00fcd\u00fcr\u00fc Dr. \u00d6\u011fr. \u00dcyesi Nimet \u00c7avu\u015f ger\u00e7ekle\u015ftirdi.<\/p>\n<p>\u00c7avu\u015f konu\u015fmas\u0131nda &#8220;Bug\u00fcn burada b\u00fcy\u00fck emekler \u00f6zveriler sonucunda e\u011fitim hayatlar\u0131n\u0131n \u00f6nemli bir basama\u011f\u0131n\u0131 tamamlayan \u00f6\u011frencilerimizin gurur g\u00fcn\u00fcn\u00fc hep birlikte kutlaman\u0131n mutlulu\u011funu ya\u015f\u0131yoruz. \u0130ki y\u0131l \u00f6nce bizlere emanet etti\u011finiz bu gen\u00e7ler bilgiyle, deneyimle ve sorumluluk duygusuyla donanarak bug\u00fcn mezun oluyorlar. Bu ba\u015far\u0131 da onlar\u0131n azmi kadar siz k\u0131ymetli ailelerin ve de\u011ferli akademik personelimizin eme\u011fi de \u00e7ok b\u00fcy\u00fck. Hepinize konuda ayr\u0131 ayr\u0131 te\u015fekk\u00fcr ediyorum&#8221; dedi.<\/p>\n<p>Ard\u0131ndan konu\u015fan Didim Belediye Ba\u015fkan\u0131 Hatice Gen\u00e7ay \u00fclkemizin bir\u00e7ok yerinden \u00f6\u011frenciyi Didim\u2019de a\u011f\u0131rlad\u0131klar\u0131n\u0131 belirterek&#8221; Burada e\u011fitim alan t\u00fcm \u00f6\u011frencilerimizin Didim\u2019e katk\u0131 sa\u011flamas\u0131n\u0131 bekliyoruz. Sizlerin Didim\u2019de kalmas\u0131 i\u00e7in \u00e7al\u0131\u015f\u0131yoruz. Yeni i\u015fletmelerin a\u00e7\u0131lmas\u0131 i\u00e7in \u00e7al\u0131\u015f\u0131yoruz. Sizler Didim\u2019de \u00e7ok g\u00fczel tecr\u00fcbeler elde ettiniz. Sizlerle aileleriniz ve bizlerde gurur duyuyoruz. \u00dclkemize ve Cumhuriyete ba\u011fl\u0131 gen\u00e7ler oldu\u011funuzu biliyoruz. Yolunuz a\u00e7\u0131k olsun Didim sizleri \u00e7ok sevdi; hay\u0131rl\u0131 olsun&#8221; ifadelerini kulland\u0131.<\/p>\n<p>Konu\u015fmalar\u0131n ard\u0131ndan AD\u00dc Didim MYO M\u00fcd\u00fcr\u00fc \u00c7avu\u015f, okula destek ve katk\u0131 sunan Garnizon Komutan\u0131 Arslan\u2019a, Ba\u015fkan Gen\u00e7ay\u2019a ve Ba\u015fsavc\u0131 Altay\u2019a te\u015fekk\u00fcr \u015filti takdim etti.  \u00c7avu\u015f ayr\u0131ca M\u00fcd\u00fcr yard\u0131mc\u0131lar\u0131 Metin Polat ve Hasan Kamac\u0131\u2019ya sunduklar\u0131 destekten dolay\u0131 \u00e7i\u00e7ek verdi.  T\u00f6rende ayr\u0131ca Didim MYO\u2019da katk\u0131 sunan turizm i\u015fletmelerine, \u00f6zel i\u015fletmelere ve i\u015f adamlar\u0131na te\u015fekk\u00fcr belgeleri il\u00e7e protokol\u00fcnde verildi.<\/p>\n<p>Mezuniyet t\u00f6reni kapsam\u0131nda Turizm ve Seyahat hizmetler, Turizm ve Otelcilik i\u015fletmecili\u011fi ve a\u015f\u00e7\u0131l\u0131k b\u00f6l\u00fcm\u00fcnde ilk 3\u2019e giren \u00f6\u011frenciler plaket ve mezuniyet belgeleri AD\u00dc\u2019l\u00fc akademisyenlerce verildi.<\/p>\n<p>Ard\u0131ndan Didim MYO\u2019da ilk 3\u2019e giren \u00f6\u011frenciler plaketleri ve \u00f6d\u00fclleri il\u00e7e protokol\u00fcnce verilirken, Okul 3.s\u00fc a\u015f\u00e7\u0131l\u0131k b\u00f6l\u00fcm\u00fc \u00f6\u011frencisi Ay\u015fe Mede plaketini Ba\u015fsavc\u0131 An\u0131l Altay\u2019dan, okul 2.si Turizm ve Seyahat hizmetleri b\u00f6l\u00fcm\u00fcnden Sude Naz B\u00f6l\u00fck plaketini Garnizon Komutan\u0131 Arslan\u2019\u0131n elinden okul birincisi A\u015f\u00e7\u0131l\u0131k b\u00f6l\u00fcm\u00fc \u00f6\u011frencisi Elmas Y\u0131ld\u0131r\u0131m ise plaketini Ba\u015fkan Gen\u00e7ay\u2019\u0131n elinden ald\u0131n. Plaket t\u00f6reninin ard\u0131ndan Okul birincisi Elmas Y\u0131ld\u0131r\u0131m okul k\u00fct\u00fc\u011f\u00fcne ad\u0131n\u0131 \u00e7akt\u0131; ard\u0131ndan bir konu\u015fma yapt\u0131.  Mezuniyet t\u00f6reni kapsam\u0131nda \u00f6\u011frenciler mezuniyet belgeleri verilirken, ard\u0131ndan hep birlikte kep at\u0131larak mezuniyet co\u015fkusu ya\u015fand\u0131.<\/p>\n<p>Didim MYO\u2019nun 2025 y\u0131l\u0131 mezuniyet t\u00f6reni Didim Amfi tiyatronun bah\u00e7esinde ger\u00e7ekle\u015ftirildi. Mezuniyet t\u00f6renine Didim Garnizon Komutan\u0131 Erkut Arslan, Didim Belediye Ba\u015fkan\u0131 Hatice Gen\u00e7ay, Didim Cumhuriyet Ba\u015fsavc\u0131s\u0131 An\u0131l Altay, AD\u00dc Didim MYO M\u00fcd\u00fcr\u00fc Dr. \u00d6\u011fr. \u00dcyesi M. Nimet \u00c7avu\u015f, AD\u00dc\u2019l\u00fc dekan ve akademisyenler,  oda ba\u015fkanlar\u0131 ve temsilciler, \u00f6\u011frenciler ve aileleri kat\u0131ld\u0131.<br \/><\/p>\n","protected":false},"excerpt":{"rendered":"<p>Didim Meslek Y\u00fcksekokulu\u2019nun 2025 y\u0131l\u0131 mezuniyet t\u00f6reni d\u00fczenlendi. Amfi tiyatro bah\u00e7esinde ger\u00e7ekle\u015fen t\u00f6rende 3 b\u00f6l\u00fcmden toplam 140 \u00f6\u011frenci kep atarak mezuniyet co\u015fkusu ya\u015fad\u0131. Sayg\u0131 duru\u015funda bulunulmas\u0131 ve akabinde \u0130stiklal Mar\u015f\u0131n\u0131n okunmas\u0131n\u0131n ard\u0131ndan t\u00f6renin a\u00e7\u0131l\u0131\u015f konu\u015fmas\u0131n\u0131 Y\u00fcksekokul M\u00fcd\u00fcr\u00fc Dr. \u00d6\u011fr. \u00dcyesi Nimet \u00c7avu\u015f ger\u00e7ekle\u015ftirdi. \u00c7avu\u015f konu\u015fmas\u0131nda &#8220;Bug\u00fcn burada b\u00fcy\u00fck emekler \u00f6zveriler sonucunda e\u011fitim hayatlar\u0131n\u0131n \u00f6nemli bir&#8230;<\/p>\n","protected":false},"author":1,"featured_media":27720,"comment_status":"open","ping_status":"open","sticky":false,"template":"","format":"standard","meta":{"_crdt_document":"","footnotes":""},"categories":[1],"tags":[],"class_list":["post-27719","post","type-post","status-publish","format-standard","has-post-thumbnail","hentry","category-guncel"],"_links":{"self":[{"href":"https:\/\/www.egemtv.com\/index.php?rest_route=\/wp\/v2\/posts\/27719","targetHints":{"allow":["GET"]}}],"collection":[{"href":"https:\/\/www.egemtv.com\/index.php?rest_route=\/wp\/v2\/posts"}],"about":[{"href":"https:\/\/www.egemtv.com\/index.php?rest_route=\/wp\/v2\/types\/post"}],"author":[{"embeddable":true,"href":"https:\/\/www.egemtv.com\/index.php?rest_route=\/wp\/v2\/users\/1"}],"replies":[{"embeddable":true,"href":"https:\/\/www.egemtv.com\/index.php?rest_route=%2Fwp%2Fv2%2Fcomments&post=27719"}],"version-history":[{"count":1,"href":"https:\/\/www.egemtv.com\/index.php?rest_route=\/wp\/v2\/posts\/27719\/revisions"}],"predecessor-version":[{"id":27721,"href":"https:\/\/www.egemtv.com\/index.php?rest_route=\/wp\/v2\/posts\/27719\/revisions\/27721"}],"wp:featuredmedia":[{"embeddable":true,"href":"https:\/\/www.egemtv.com\/index.php?rest_route=\/wp\/v2\/media\/27720"}],"wp:attachment":[{"href":"https:\/\/www.egemtv.com\/index.php?rest_route=%2Fwp%2Fv2%2Fmedia&parent=27719"}],"wp:term":[{"taxonomy":"category","embeddable":true,"href":"https:\/\/www.egemtv.com\/index.php?rest_route=%2Fwp%2Fv2%2Fcategories&post=27719"},{"taxonomy":"post_tag","embeddable":true,"href":"https:\/\/www.egemtv.com\/index.php?rest_route=%2Fwp%2Fv2%2Ftags&post=27719"}],"curies":[{"name":"wp","href":"https:\/\/api.w.org\/{rel}","templated":true}]}}