{"id":27716,"date":"2025-05-10T16:57:51","date_gmt":"2025-05-10T13:57:51","guid":{"rendered":"https:\/\/www.egemtv.com\/?p=27716"},"modified":"2025-05-10T16:57:56","modified_gmt":"2025-05-10T13:57:56","slug":"su-jeti-flyboard-ve-motosurf-turkiye-sampiyonasi-bodrumda-basladi","status":"publish","type":"post","link":"https:\/\/www.egemtv.com\/?p=27716","title":{"rendered":"Su Jeti, Flyboard ve MotoSurf T\u00fcrkiye \u015eampiyonas\u0131, Bodrum\u2019da ba\u015flad\u0131"},"content":{"rendered":"<p>T\u00fcrkiye Motosiklet Federasyonu (TMF) taraf\u0131ndan d\u00fczenlenen Su Jeti, Flyboard ve MotoSurf T\u00fcrkiye \u015eampiyonas\u0131\u2019n\u0131n ilk ayak yar\u0131\u015flar\u0131 Bodrum\u2019da ba\u015flad\u0131.<br \/>\n<br \/>Bodrum Motosiklet Kul\u00fcb\u00fc\u2019n\u00fcn ev sahipli\u011finde G\u00fcndo\u011fan Halk Sahili\u2019nde d\u00fczenlenen yar\u0131\u015fmaya, b\u00f6lge sakinleri de yo\u011fun ilgi g\u00f6sterdi. Mahalle sakinleriyle yerli ve yabanc\u0131 turistler, yar\u0131\u015fmay\u0131 yak\u0131ndan takip etti. 50\u2019den fazla sporcunun kat\u0131laca\u011f\u0131 yar\u0131\u015flar\u0131n ilk g\u00fcn\u00fcnde motosurf ve su jeti yar\u0131\u015flar\u0131 ger\u00e7ekle\u015ftirildi. Pazar g\u00fcn\u00fc de motosurf ve flyboard yar\u0131\u015flar\u0131 yap\u0131lacak.<br \/>\n<br \/>TMF Asba\u015fkan\u0131 Mahmut Nedim Ak\u00fclke, bas\u0131n mensuplar\u0131na yapt\u0131\u011f\u0131 a\u00e7\u0131klamada, &#8220;Gen\u00e7lik ve Spor Bakanl\u0131\u011f\u0131m\u0131z\u0131n 2025 y\u0131l\u0131ndaki faaliyet program\u0131na yer alan Su Jeti, Flyboard ve MotoSurf T\u00fcrkiye \u015eampiyonas\u0131, yani 3 \u015fampiyona bir arada bug\u00fcn ve yar\u0131n Bodrum\u2019da yap\u0131l\u0131yor. Jetsurf\u2019te 20\u2019nin \u00fczerinde sporcu yar\u0131\u015f\u0131yor, 22 kayd\u0131m\u0131z var. Flyboard kategorisinde 10\u2019a yak\u0131n sporcumuz var. Su jetinde 20\u2019ye yak\u0131n sporcumuz var. Yani 50\u2019nin \u00fczerinde bir yar\u0131\u015f\u00e7\u0131 say\u0131m\u0131z var. T\u00fcrkiye \u015eampiyonas\u0131\u2019nda sezonu Bodrum\u2019da a\u00e7man\u0131n keyfini ve mutlulu\u011funu ya\u015f\u0131yoruz&#8221; dedi.<br \/>\n<br \/>Bodrum Motosiklet Spor Kul\u00fcb\u00fc Ba\u015fkan\u0131 Cevdet Er\u00e7ik ise, 1 ayd\u0131r bu organizasyona haz\u0131rland\u0131klar\u0131n\u0131 ifade ederek, &#8220;MotoSurf ve jetinin de kat\u0131lmas\u0131yla beraber g\u00fczel bir organizasyon oluyor. Elimizden geldi\u011fince sporcular\u0131 mutlu g\u00f6ndermek istiyoruz&#8221; diye konu\u015ftu.<br \/>\n<br \/>Su jeti sporcusu Kaan \u015eanver da hedefinin \u015fampiyonluk oldu\u011funu s\u00f6yleyerek, &#8220;Bu spor asl\u0131nda ni\u015f bir spor. Herkesin bir anda i\u00e7ine giremeyece\u011fi, yak\u0131n\u0131ndan biri bu i\u015fin i\u00e7indeyse kesinlikle ayn\u0131 g\u00fcn i\u00e7inde girip ba\u015flayabilece\u011fi bir spor. Bu spor 6 kategoride olu\u015fuyor. En d\u00fc\u015f\u00fck beygir g\u00fc\u00e7lerinden, gen\u00e7ler kategorisinden ve profesyonel sporcular\u0131n oldu\u011fu 6 kategoride yar\u0131\u015f d\u00fczenleniyor. Kapal\u0131 \u015famand\u0131ra parkurunda yap\u0131lan bir operasyon bu. O parkurun i\u00e7inde 25 \u015famand\u0131ran\u0131n aras\u0131nda slalom yaparak 15 turu tamaml\u0131yorlar. Onun sonucunda da \u015fampiyonlar belirleniyor. Benim hedefim her zamanki gibi \u015fampiyonluk. Vazge\u00e7emeyece\u011fimiz bir olay. \u0130n\u015fallah bug\u00fcn de ayn\u0131 duyguyu ya\u015far\u0131z&#8221; \u015feklinde konu\u015ftu.<br \/><\/p>\n","protected":false},"excerpt":{"rendered":"<p>T\u00fcrkiye Motosiklet Federasyonu (TMF) taraf\u0131ndan d\u00fczenlenen Su Jeti, Flyboard ve MotoSurf T\u00fcrkiye \u015eampiyonas\u0131\u2019n\u0131n ilk ayak yar\u0131\u015flar\u0131 Bodrum\u2019da ba\u015flad\u0131. Bodrum Motosiklet Kul\u00fcb\u00fc\u2019n\u00fcn ev sahipli\u011finde G\u00fcndo\u011fan Halk Sahili\u2019nde d\u00fczenlenen yar\u0131\u015fmaya, b\u00f6lge sakinleri de yo\u011fun ilgi g\u00f6sterdi. Mahalle sakinleriyle yerli ve yabanc\u0131 turistler, yar\u0131\u015fmay\u0131 yak\u0131ndan takip etti. 50\u2019den fazla sporcunun kat\u0131laca\u011f\u0131 yar\u0131\u015flar\u0131n ilk g\u00fcn\u00fcnde motosurf ve su jeti&#8230;<\/p>\n","protected":false},"author":1,"featured_media":27717,"comment_status":"open","ping_status":"open","sticky":false,"template":"","format":"standard","meta":{"_crdt_document":"","footnotes":""},"categories":[4],"tags":[],"class_list":["post-27716","post","type-post","status-publish","format-standard","has-post-thumbnail","hentry","category-spor"],"_links":{"self":[{"href":"https:\/\/www.egemtv.com\/index.php?rest_route=\/wp\/v2\/posts\/27716","targetHints":{"allow":["GET"]}}],"collection":[{"href":"https:\/\/www.egemtv.com\/index.php?rest_route=\/wp\/v2\/posts"}],"about":[{"href":"https:\/\/www.egemtv.com\/index.php?rest_route=\/wp\/v2\/types\/post"}],"author":[{"embeddable":true,"href":"https:\/\/www.egemtv.com\/index.php?rest_route=\/wp\/v2\/users\/1"}],"replies":[{"embeddable":true,"href":"https:\/\/www.egemtv.com\/index.php?rest_route=%2Fwp%2Fv2%2Fcomments&post=27716"}],"version-history":[{"count":1,"href":"https:\/\/www.egemtv.com\/index.php?rest_route=\/wp\/v2\/posts\/27716\/revisions"}],"predecessor-version":[{"id":27718,"href":"https:\/\/www.egemtv.com\/index.php?rest_route=\/wp\/v2\/posts\/27716\/revisions\/27718"}],"wp:featuredmedia":[{"embeddable":true,"href":"https:\/\/www.egemtv.com\/index.php?rest_route=\/wp\/v2\/media\/27717"}],"wp:attachment":[{"href":"https:\/\/www.egemtv.com\/index.php?rest_route=%2Fwp%2Fv2%2Fmedia&parent=27716"}],"wp:term":[{"taxonomy":"category","embeddable":true,"href":"https:\/\/www.egemtv.com\/index.php?rest_route=%2Fwp%2Fv2%2Fcategories&post=27716"},{"taxonomy":"post_tag","embeddable":true,"href":"https:\/\/www.egemtv.com\/index.php?rest_route=%2Fwp%2Fv2%2Ftags&post=27716"}],"curies":[{"name":"wp","href":"https:\/\/api.w.org\/{rel}","templated":true}]}}