{"id":27668,"date":"2025-05-10T13:57:05","date_gmt":"2025-05-10T10:57:05","guid":{"rendered":"https:\/\/www.egemtv.com\/?p=27668"},"modified":"2025-05-10T13:57:10","modified_gmt":"2025-05-10T10:57:10","slug":"ciftciler-bolluk-ve-bereket-icin-olcak-dedede-bulustu","status":"publish","type":"post","link":"https:\/\/www.egemtv.com\/?p=27668","title":{"rendered":"\u00c7ift\u00e7iler bolluk ve bereket i\u00e7in Olcak Dede\u2019de bulu\u015ftu"},"content":{"rendered":"<p>Manisa\u2019n\u0131n Sar\u0131g\u00f6l il\u00e7esinde yakla\u015f\u0131k iki as\u0131rd\u0131r s\u00fcrd\u00fcr\u00fclen geleneksel &#8220;Olcak Dede&#8221; bolluk ve bereket duas\u0131, bu y\u0131l 35 k\u00fc\u00e7\u00fckba\u015f hayvan\u0131n kurban edilmesiyle ger\u00e7ekle\u015ftirildi.<br \/>\n<br \/>Her y\u0131l may\u0131s ay\u0131n\u0131n ilk cumartesi g\u00fcn\u00fc yap\u0131lan gelenek, bu y\u0131l havan\u0131n ya\u011f\u0131\u015fl\u0131 olmas\u0131 nedeniyle bir hafta gecikmeli olarak d\u00fczenlendi. Ya\u011fmur ya\u011fsa da ya\u011fmasa da yap\u0131lan dua, ya\u011f\u0131\u015fs\u0131z y\u0131llarda ya\u011fmur; ya\u011f\u0131\u015fl\u0131 y\u0131llarda ise bolluk ve bereket i\u00e7in okunuyor.<br \/>\n<br \/>Sabah\u0131n erken saatlerinde Olcak Dede\u2019ye \u00e7\u0131kan \u00e7ift\u00e7iler, yanlar\u0131nda payla\u015fmak \u00fczere \u00e7e\u015fitli yiyecekler getirdi. Bu y\u0131lki duaya Sar\u0131g\u00f6l merkez ile Emcelli, Dindarl\u0131, Baharlar mahalleleri ile Buldan il\u00e7esine ba\u011fl\u0131 Sar\u0131mahmutlu ve Kad\u0131k\u00f6y k\u00f6ylerinden \u00e7ok say\u0131da \u00e7ift\u00e7i kat\u0131ld\u0131.<br \/>\n<br \/>Kurban edilen hayvanlar, kad\u0131n ve erkeklerin yard\u0131m\u0131yla do\u011franarak kemikli ve kavurmal\u0131 \u015fekilde onlarca kazanda pi\u015firildi.<\/p>\n<p>&#8220;Ya\u011fmur ya\u011fsa da ya\u011fmasa da yap\u0131l\u0131yor&#8221;<br \/>\n<br \/>Dindarl\u0131 Mahallesi Muhtar\u0131 Soner S\u00f6zer, gelene\u011fin yakla\u015f\u0131k 200 y\u0131ld\u0131r s\u00fcrd\u00fcr\u00fcld\u00fc\u011f\u00fcn\u00fc belirterek, &#8220;Her y\u0131l buraya y\u00fczlerce \u00e7ift\u00e7i kat\u0131l\u0131r. Kat\u0131l\u0131mc\u0131lar, ekonomik durumlar\u0131na g\u00f6re mutlaka bir katk\u0131da bulunur. Ya\u011fmurlu y\u0131llarda bolluk ve bereket, kurak y\u0131llarda ise ya\u011fmur duas\u0131 yap\u0131l\u0131r. Kurbanlar\u0131n derileri a\u00e7\u0131k art\u0131rma ile sat\u0131l\u0131r ve elde edilen gelirle kazan, tabak, ka\u015f\u0131k gibi malzemeler al\u0131n\u0131r. Ayr\u0131ca \u00f6rt\u00fc alt\u0131 i\u00e7in siperlik yap\u0131l\u0131r,&#8221; dedi.<br \/>\n<br \/>Pi\u015fen yemekler, \u00f6\u011fle namaz\u0131n\u0131n ard\u0131ndan Dindarl\u0131 Camii \u0130mam Hatibi Mesut \u00c7ini\u015f\u2019in yapt\u0131rd\u0131\u011f\u0131 dua sonras\u0131 hep birlikte t\u00fcketildi. Geleneksel t\u00f6renin ard\u0131ndan \u00e7ift\u00e7iler, gelecek y\u0131l i\u00e7in yeniden s\u00f6zle\u015fti.<br \/><\/p>\n","protected":false},"excerpt":{"rendered":"<p>Manisa\u2019n\u0131n Sar\u0131g\u00f6l il\u00e7esinde yakla\u015f\u0131k iki as\u0131rd\u0131r s\u00fcrd\u00fcr\u00fclen geleneksel &#8220;Olcak Dede&#8221; bolluk ve bereket duas\u0131, bu y\u0131l 35 k\u00fc\u00e7\u00fckba\u015f hayvan\u0131n kurban edilmesiyle ger\u00e7ekle\u015ftirildi. Her y\u0131l may\u0131s ay\u0131n\u0131n ilk cumartesi g\u00fcn\u00fc yap\u0131lan gelenek, bu y\u0131l havan\u0131n ya\u011f\u0131\u015fl\u0131 olmas\u0131 nedeniyle bir hafta gecikmeli olarak d\u00fczenlendi. Ya\u011fmur ya\u011fsa da ya\u011fmasa da yap\u0131lan dua, ya\u011f\u0131\u015fs\u0131z y\u0131llarda ya\u011fmur; ya\u011f\u0131\u015fl\u0131 y\u0131llarda ise&#8230;<\/p>\n","protected":false},"author":1,"featured_media":27669,"comment_status":"open","ping_status":"open","sticky":false,"template":"","format":"standard","meta":{"_crdt_document":"","footnotes":""},"categories":[1],"tags":[],"class_list":["post-27668","post","type-post","status-publish","format-standard","has-post-thumbnail","hentry","category-guncel"],"_links":{"self":[{"href":"https:\/\/www.egemtv.com\/index.php?rest_route=\/wp\/v2\/posts\/27668","targetHints":{"allow":["GET"]}}],"collection":[{"href":"https:\/\/www.egemtv.com\/index.php?rest_route=\/wp\/v2\/posts"}],"about":[{"href":"https:\/\/www.egemtv.com\/index.php?rest_route=\/wp\/v2\/types\/post"}],"author":[{"embeddable":true,"href":"https:\/\/www.egemtv.com\/index.php?rest_route=\/wp\/v2\/users\/1"}],"replies":[{"embeddable":true,"href":"https:\/\/www.egemtv.com\/index.php?rest_route=%2Fwp%2Fv2%2Fcomments&post=27668"}],"version-history":[{"count":1,"href":"https:\/\/www.egemtv.com\/index.php?rest_route=\/wp\/v2\/posts\/27668\/revisions"}],"predecessor-version":[{"id":27670,"href":"https:\/\/www.egemtv.com\/index.php?rest_route=\/wp\/v2\/posts\/27668\/revisions\/27670"}],"wp:featuredmedia":[{"embeddable":true,"href":"https:\/\/www.egemtv.com\/index.php?rest_route=\/wp\/v2\/media\/27669"}],"wp:attachment":[{"href":"https:\/\/www.egemtv.com\/index.php?rest_route=%2Fwp%2Fv2%2Fmedia&parent=27668"}],"wp:term":[{"taxonomy":"category","embeddable":true,"href":"https:\/\/www.egemtv.com\/index.php?rest_route=%2Fwp%2Fv2%2Fcategories&post=27668"},{"taxonomy":"post_tag","embeddable":true,"href":"https:\/\/www.egemtv.com\/index.php?rest_route=%2Fwp%2Fv2%2Ftags&post=27668"}],"curies":[{"name":"wp","href":"https:\/\/api.w.org\/{rel}","templated":true}]}}