{"id":27665,"date":"2025-05-10T12:55:36","date_gmt":"2025-05-10T09:55:36","guid":{"rendered":"https:\/\/www.egemtv.com\/?p=27665"},"modified":"2025-05-10T12:55:43","modified_gmt":"2025-05-10T09:55:43","slug":"baskan-doganca-kuyucak-belediyesi-hakkinda-aciklamalarda-bulundu","status":"publish","type":"post","link":"https:\/\/www.egemtv.com\/?p=27665","title":{"rendered":"Ba\u015fkan Do\u011fanca, Kuyucak Belediyesi hakk\u0131nda a\u00e7\u0131klamalarda bulundu"},"content":{"rendered":"<p>Kuyucak Belediye Ba\u015fkan\u0131 U\u011fur Do\u011fanca, ger\u00e7ekle\u015ftirdi\u011fi bas\u0131n toplant\u0131s\u0131nda, ge\u00e7mi\u015f d\u00f6nem belediye y\u00f6netimine ili\u015fkin \u00e7arp\u0131c\u0131 a\u00e7\u0131klamalarda bulundu.<\/p>\n<p>Belediyenin ge\u00e7mi\u015f d\u00f6nemine ait i\u015flemleri, mali tabloyu ve personel politikalar\u0131n\u0131 t\u00fcm a\u00e7\u0131kl\u0131\u011f\u0131yla ortaya koyan Do\u011fanca, Pamuk\u00f6ren\u2019deki m\u00fclk ba\u011f\u0131\u015flar\u0131, d\u00fc\u011f\u00fcn salonu kay\u0131tlar\u0131 ve Belenova Sosyal Tesisleri ile ilgili skandal niteli\u011finde iddialar\u0131n\u0131 kamuoyunun dikkatini \u00e7ekti.<\/p>\n<p>&#8220;Tesis ve d\u00fckkanlar vakfa devredilmek istenmi\u015f&#8221;<br \/>\n<br \/>Bas\u0131n mensuplar\u0131yla bir araya gelen Ba\u015fkan Do\u011fanca, yapt\u0131\u011f\u0131 bas\u0131n toplas\u0131nda \u00f6nemli a\u00e7\u0131klamalarda bulunarak, &#8220;Belediyeye ait ve yat\u0131r\u0131m yap\u0131lm\u0131\u015f bir alan neden bir vakfa devredilmek istenir? Pamuk\u00f6ren Mahallesi\u2019nde belediyeye ait bir kahvehane ve pide salonunu \u00f6nce sat\u0131ld\u0131, ard\u0131ndan da Pamuk\u00f6ren E\u011fitim ve K\u00fclt\u00fcr Vakf\u0131\u2019na ba\u011f\u0131\u015fland\u0131. Sat\u0131\u015f usul\u00fcne uygun g\u00f6r\u00fcnse de sonras\u0131nda izlenen yol \u015f\u00fcpheli. Bu vak\u0131f, \u00f6nceki ba\u015fkan Metin Ert\u00fcrk\u2019\u00fcn yak\u0131n \u00e7evresiyle ba\u011flant\u0131l\u0131&#8221;<\/p>\n<p>&#8220;Belenova\u2019da s\u00f6zle\u015fme feshi ve tazminat \u015foku&#8221;<br \/>\n<br \/>Kuyucak Belediyesi taraf\u0131ndan i\u015fletilen Belenova Sosyal Tesisleri\u2019ne ili\u015fkin yap\u0131lan incelemelerde, tesisin 29 y\u0131ll\u0131\u011f\u0131na kiraland\u0131\u011f\u0131n\u0131 ancak eski y\u00f6netimce bir vakfa devredilmek istendi\u011finin ortaya \u00e7\u0131kt\u0131\u011f\u0131n\u0131 aktaran Do\u011fanca, Orman Genel M\u00fcd\u00fcrl\u00fc\u011f\u00fc\u2019n\u00fcn bu devir i\u015flemini kabul etmedi\u011fini ve s\u00f6zle\u015fmenin feshedildi\u011fini belirtti. Bu durum nedeniyle belediyeye tazminat y\u00fck\u00fcml\u00fcl\u00fc\u011f\u00fc do\u011fdu\u011funu s\u00f6yleyen Ba\u015fkan Do\u011fanca: &#8220;Neden kamu kayna\u011f\u0131yla yap\u0131lan bir yat\u0131r\u0131m\u0131 bir vakfa devretmek istediniz?&#8221; dedi.<\/p>\n<p>Daha sonra a\u00e7\u0131lan ihaleye kat\u0131ld\u0131klar\u0131n\u0131 belirten Do\u011fanca. &#8220;\u0130haleye eski ba\u015fkan\u0131n karde\u015fi G\u00fcrcan Ert\u00fcrk\u2019\u00fcn \u015firketi de girdi. Kapal\u0131 zarf usul\u00fc ilk 3 teklif se\u00e7ildi, a\u00e7\u0131k usulle pazarl\u0131k yap\u0131ld\u0131. Biz 1 milyon TL ile ba\u015flad\u0131k, ihalenin sonunda 2 milyon 505 bin TL + KDV\u2019ye Kuyucak Belediyesi ald\u0131&#8221;<\/p>\n<p>&#8220;Pamuk\u00f6ren D\u00fc\u011f\u00fcn Salonu\u2019nda sadece 5 kay\u0131t var&#8221;<br \/>\n<br \/>Pamuk\u00f6ren Mahallesindeki belediyeye ait D\u00fc\u011f\u00fcn Salonu ile ilgili verileri de payla\u015fan Do\u011fanca, 10 y\u0131ll\u0131k s\u00fcre\u00e7te sadece 5 d\u00fc\u011f\u00fcn kayd\u0131n\u0131n bulundu\u011funu ve bu nedenle su\u00e7 duyurusunda bulunduklar\u0131n\u0131 a\u00e7\u0131klad\u0131. Konuyla ilgili soru\u015fturma izni verildi\u011fini de s\u00f6yledi.<\/p>\n<p>&#8220;20 milyon lira bor\u00e7 \u00f6dedik, maa\u015flar\u0131 art\u0131rd\u0131k&#8221;<br \/>\n<br \/>G\u00f6reve geldiklerinde ciddi bir bor\u00e7 y\u00fck\u00fcyle kar\u015f\u0131la\u015ft\u0131klar\u0131n\u0131 belirten Ba\u015fkan Do\u011fanca, bug\u00fcne kadar yakla\u015f\u0131k 20 milyon TL\u2019lik bor\u00e7 \u00f6dediklerini ifade etti. 2024 Kas\u0131m ay\u0131 itibar\u0131yla personelin asgari \u00fccretin \u00fczerinde maa\u015f almaya ba\u015flad\u0131\u011f\u0131n\u0131 kaydeden Do\u011fanca, ortalama maa\u015flar\u0131n 30 bin TL seviyesine \u00e7\u0131kt\u0131\u011f\u0131n\u0131 ve belediye \u015firket personelinin sendikal haklar\u0131na kavu\u015ftu\u011funu s\u00f6yledi.<\/p>\n<p>&#8220;2024\u2019te 9 milyon TL tazminat \u00f6dedik&#8221;<br \/>\n<br \/>2024 y\u0131l\u0131 belediye b\u00fct\u00e7esine y\u00f6nelik ele\u015ftirilere yan\u0131t veren Do\u011fanca, y\u00fcksek harcama kalemlerinin b\u00fcy\u00fck \u00f6l\u00e7\u00fcde k\u0131dem ve ihbar tazminatlar\u0131ndan kaynakland\u0131\u011f\u0131n\u0131 vurgulad\u0131. Do\u011fanca: &#8220;Bu y\u0131l 9 milyon TL tazminat \u00f6demesi yapt\u0131k. \u00d6nceki d\u00f6nemden kalan 3 milyon 750 bin TL\u2019lik sendika alaca\u011f\u0131n\u0131 da biz kar\u015f\u0131lad\u0131k. G\u00f6reve gelmeden \u00f6nceki 3 ayl\u0131k b\u00fct\u00e7e; Gelir: 30 milyon 245 bin TL, gider: 37 milyon 260 bin TL. Arada 7 milyon TL a\u00e7\u0131k var. Bu a\u00e7\u0131kla m\u0131 devrettiniz dememiz laz\u0131m? 2024 y\u0131l\u0131 toplam b\u00fct\u00e7esi ise \u015fu \u015fekilde: gider 174 milyon TL, gelir 158 milyon 803 bin TL&#8221;<\/p>\n<p>&#8220;Kimseyi i\u015ften \u00e7\u0131kartmad\u0131k&#8221;<br \/>\n<br \/>\u0130\u015ften \u00e7\u0131kartma iddias\u0131 ile ilgili de a\u00e7\u0131klama yapan Ba\u015fkan Do\u011fanca: &#8220;G\u00f6reve geldi\u011fimizde 420 g\u00fcn \u00fccretli izne \u00e7\u0131km\u0131\u015f personelle kar\u015f\u0131la\u015ft\u0131k. Se\u00e7im \u00f6ncesi personel d\u00fczenlemeleri ve yard\u0131mlar\u0131n giderleri art\u0131rd\u0131\u011f\u0131n\u0131 g\u00f6rd\u00fck. S\u00f6ylemlerin aksine yaln\u0131zca iki ki\u015fiyle yollar\u0131m\u0131z\u0131 ay\u0131rd\u0131k. Ba\u015fka bir personel \u00e7\u0131karma s\u00f6z konusu de\u011fildir. Kuyucak Belediyesi\u2019nin g\u00f6rev alan\u0131nda \u00e7al\u0131\u015fmak istemeyen arkada\u015flarla yollar\u0131m\u0131z\u0131 ay\u0131rd\u0131k&#8221; dedi.<\/p>\n<p>&#8220;Planlar\u0131m\u0131z haz\u0131r, yeni projeler yolda&#8221;<br \/>\n<br \/>Ekonomik \u015fartlar\u0131n zorlu\u011fu nedeniyle \u015fimdiye dek yeni proje ba\u015flatamad\u0131klar\u0131n\u0131 itiraf eden Ba\u015fkan Do\u011fanca, \u00f6n\u00fcm\u00fczdeki s\u00fcre\u00e7te hayvan bar\u0131na\u011f\u0131, Pamuk\u00f6ren\u2019e yazl\u0131k d\u00fc\u011f\u00fcn salonu ve Evlida\u011f Mesire Alan\u0131 gibi yat\u0131r\u0131mlar\u0131 hayata ge\u00e7irmeyi planlad\u0131klar\u0131n\u0131 belirtti.<br \/><\/p>\n","protected":false},"excerpt":{"rendered":"<p>Kuyucak Belediye Ba\u015fkan\u0131 U\u011fur Do\u011fanca, ger\u00e7ekle\u015ftirdi\u011fi bas\u0131n toplant\u0131s\u0131nda, ge\u00e7mi\u015f d\u00f6nem belediye y\u00f6netimine ili\u015fkin \u00e7arp\u0131c\u0131 a\u00e7\u0131klamalarda bulundu. Belediyenin ge\u00e7mi\u015f d\u00f6nemine ait i\u015flemleri, mali tabloyu ve personel politikalar\u0131n\u0131 t\u00fcm a\u00e7\u0131kl\u0131\u011f\u0131yla ortaya koyan Do\u011fanca, Pamuk\u00f6ren\u2019deki m\u00fclk ba\u011f\u0131\u015flar\u0131, d\u00fc\u011f\u00fcn salonu kay\u0131tlar\u0131 ve Belenova Sosyal Tesisleri ile ilgili skandal niteli\u011finde iddialar\u0131n\u0131 kamuoyunun dikkatini \u00e7ekti. &#8220;Tesis ve d\u00fckkanlar vakfa devredilmek istenmi\u015f&#8221;&#8230;<\/p>\n","protected":false},"author":1,"featured_media":27666,"comment_status":"open","ping_status":"open","sticky":false,"template":"","format":"standard","meta":{"_crdt_document":"","footnotes":""},"categories":[127],"tags":[],"class_list":["post-27665","post","type-post","status-publish","format-standard","has-post-thumbnail","hentry","category-siyaset"],"_links":{"self":[{"href":"https:\/\/www.egemtv.com\/index.php?rest_route=\/wp\/v2\/posts\/27665","targetHints":{"allow":["GET"]}}],"collection":[{"href":"https:\/\/www.egemtv.com\/index.php?rest_route=\/wp\/v2\/posts"}],"about":[{"href":"https:\/\/www.egemtv.com\/index.php?rest_route=\/wp\/v2\/types\/post"}],"author":[{"embeddable":true,"href":"https:\/\/www.egemtv.com\/index.php?rest_route=\/wp\/v2\/users\/1"}],"replies":[{"embeddable":true,"href":"https:\/\/www.egemtv.com\/index.php?rest_route=%2Fwp%2Fv2%2Fcomments&post=27665"}],"version-history":[{"count":1,"href":"https:\/\/www.egemtv.com\/index.php?rest_route=\/wp\/v2\/posts\/27665\/revisions"}],"predecessor-version":[{"id":27667,"href":"https:\/\/www.egemtv.com\/index.php?rest_route=\/wp\/v2\/posts\/27665\/revisions\/27667"}],"wp:featuredmedia":[{"embeddable":true,"href":"https:\/\/www.egemtv.com\/index.php?rest_route=\/wp\/v2\/media\/27666"}],"wp:attachment":[{"href":"https:\/\/www.egemtv.com\/index.php?rest_route=%2Fwp%2Fv2%2Fmedia&parent=27665"}],"wp:term":[{"taxonomy":"category","embeddable":true,"href":"https:\/\/www.egemtv.com\/index.php?rest_route=%2Fwp%2Fv2%2Fcategories&post=27665"},{"taxonomy":"post_tag","embeddable":true,"href":"https:\/\/www.egemtv.com\/index.php?rest_route=%2Fwp%2Fv2%2Ftags&post=27665"}],"curies":[{"name":"wp","href":"https:\/\/api.w.org\/{rel}","templated":true}]}}