{"id":27443,"date":"2025-05-09T15:56:14","date_gmt":"2025-05-09T12:56:14","guid":{"rendered":"https:\/\/www.egemtv.com\/?p=27443"},"modified":"2025-05-09T15:56:20","modified_gmt":"2025-05-09T12:56:20","slug":"usakta-orman-benim-etkinligi-duzenlendi","status":"publish","type":"post","link":"https:\/\/www.egemtv.com\/?p=27443","title":{"rendered":"U\u015fak\u2019ta \u2019Orman Benim\u2019 etkinli\u011fi d\u00fczenlendi"},"content":{"rendered":"<p>U\u015fak\u2019ta Tar\u0131m ve Orman Bakanl\u0131\u011f\u0131n\u0131n ormanlar\u0131 korumak ve yang\u0131nlara kar\u015f\u0131 al\u0131nacak tedbirler konusunda fark\u0131ndal\u0131k olu\u015fturmak amac\u0131yla ba\u015flatt\u0131\u011f\u0131 &#8220;Orman Benim&#8221; etkinli\u011fi d\u00fczenlendi.<\/p>\n<p>Orman yang\u0131nlar\u0131n\u0131n \u00f6nlenmesi ve olas\u0131 yang\u0131n say\u0131lar\u0131n\u0131n, \u015fiddetinin d\u00fc\u015f\u00fcr\u00fclerek \u00e7evreye zararlar\u0131n\u0131n en aza indirilmesi, vatanda\u015flarda orman yang\u0131nlar\u0131n\u0131n \u00e7\u0131kmas\u0131n\u0131 \u00f6nleyici bilincin olu\u015fmas\u0131 amac\u0131yla Tar\u0131m ve Orman Bakanl\u0131\u011f\u0131n\u0131n orman yang\u0131nlar\u0131na y\u00f6nelik \u00f6nleyici tedbirlerine ili\u015fkin yurt genelinde d\u00fczenlenen &#8220;Orman Benim&#8221; kampanyas\u0131 U\u015fak\u2019ta da ger\u00e7ekle\u015ftirildi.<\/p>\n<p>U\u015fak Orman \u0130\u015fletme M\u00fcd\u00fcrl\u00fc\u011f\u00fc koordinesinde Hac\u0131kadem k\u00f6y\u00fc yak\u0131nlar\u0131nda bulunan ormanl\u0131k alanda d\u00fczenlenen etkinli\u011fe U\u015fak Valisi Naci Akta\u015f, Vali Yard\u0131mc\u0131s\u0131 \u00d6nder Can, \u0130l Emniyet M\u00fcd\u00fcr\u00fc Mehmet Ali Kolcu, \u0130l Jandarma Komutan Yard\u0131mc\u0131s\u0131 Albay Erg\u00fcn Y\u0131lmaz, Orman \u0130\u015fletme M\u00fcd\u00fcr\u00fc Mustafa Da\u011f\u0131stanl\u0131, kurum m\u00fcd\u00fcrleri, emniyet, jandarma ve baz\u0131 kurumlar\u0131n personelleri ile \u00f6\u011frenciler kat\u0131ld\u0131.<\/p>\n<p>Etkinli\u011fin amac\u0131n\u0131n ye\u015fil vatan\u0131 gelecek nesillere daha sa\u011fl\u0131k aktarma i\u00e7in yap\u0131ld\u0131\u011f\u0131n\u0131 aktaran Vali Akta\u015f; &#8220;Bug\u00fcn ge\u00e7en y\u0131l Tar\u0131m ve Orman Bakanl\u0131\u011f\u0131m\u0131z\u0131n \u00f6nderli\u011finde ba\u015flayan Orman Benim projemizin ikinci y\u0131l\u0131. Bizde ye\u015fil vatan\u0131 gelecek nesillere sa\u011fl\u0131kl\u0131 bir \u015fekilde aktarabilmek i\u00e7in, bug\u00fcn ormanda temizlik yap\u0131yoruz. Ne temizli\u011fi yap\u0131yoruz? Ormanlarda yang\u0131n \u00e7\u0131kmas\u0131na sebep olabilecek yabanc\u0131 maddelerin temizli\u011fini yap\u0131yoruz. Bu \u00e7ok de\u011ferli bir kampanyad\u0131r. En k\u00fc\u00e7\u00fc\u011f\u00fcnden en b\u00fcy\u00fc\u011f\u00fcne kadar her bir vatanda\u015f\u0131m\u0131z\u0131 \u00f6zellikle katk\u0131da bulunmas\u0131n\u0131 istiyoruz. L\u00fctfen yol kenarlar\u0131na her hangi bir yabanc\u0131 maddeyi atmayal\u0131m. Orman yang\u0131nlar\u0131n en b\u00fcy\u00fck sebeplerinden biri bu yabanc\u0131 maddelerdir.&#8221; dedi.<\/p>\n<p>2024 y\u0131l\u0131nda U\u015fak\u2019ta 45 orman yang\u0131n\u0131n \u00e7\u0131kt\u0131\u011f\u0131n\u0131 hat\u0131rlatan Vali Akta\u015f; &#8220;Ge\u00e7en y\u0131l ilimizde \u00e7ok ciddi orman yang\u0131nlar\u0131 oldu. Ge\u00e7en sene T\u00fcrkiye genelinde 8 b\u00fcy\u00fck yang\u0131n olan orman yang\u0131nlar\u0131ndan biri maalesef bizim ilimizde oldu. Hi\u00e7 ilimizin tarihinde olmayan 45 orman yang\u0131n\u0131 \u00e7\u0131kt\u0131 ve bin 500 hektar alan\u0131m\u0131z zarar g\u00f6rd\u00fc. Bizim orman te\u015fkilat\u0131ndaki arkada\u015flar\u0131m\u0131z can siper halde hem yang\u0131nlarla m\u00fccadele ettiler hem de sezon bittikten sonra hasar g\u00f6ren orman arazimizin bak\u0131m\u0131n\u0131 yeniden yenilmesini yap\u0131p yine gelecek nesillere aktarmak i\u00e7in gayret g\u00f6sterdiler.&#8221; dedi.<\/p>\n<p>T\u00fcm vatanda\u015flar\u0131n orman yang\u0131nlara kar\u015f\u0131 tedbir almas\u0131n\u0131 hat\u0131rlatan Vali Akta\u015f; &#8220;M\u00fccadeleyi her birimizin katk\u0131s\u0131yla yapabiliriz. En k\u00fc\u00e7\u00fc\u011f\u00fcnden en b\u00fcy\u00fc\u011f\u00fcne kadar l\u00fctfen bu kampanyada destek olsunlar. Bizi yard\u0131mc\u0131 olsunlar ve hi\u00e7bir \u00e7\u00f6p\u00fc ormana atmayal\u0131m. Ormanlar\u0131m\u0131z\u0131 korumak i\u00e7in m\u00fccadele edelim ve gelecek nesillere ye\u015fil bir vatan b\u0131rakal\u0131m.&#8221; dedi.<\/p>\n<p>Etkinlik, ormanl\u0131k alanda kat\u0131l\u0131mc\u0131lar taraf\u0131ndan \u00e7\u00f6plerin ve yan\u0131c\u0131 unsurlar\u0131n toplanmas\u0131 ile tamamland\u0131.<br \/><\/p>\n","protected":false},"excerpt":{"rendered":"<p>U\u015fak\u2019ta Tar\u0131m ve Orman Bakanl\u0131\u011f\u0131n\u0131n ormanlar\u0131 korumak ve yang\u0131nlara kar\u015f\u0131 al\u0131nacak tedbirler konusunda fark\u0131ndal\u0131k olu\u015fturmak amac\u0131yla ba\u015flatt\u0131\u011f\u0131 &#8220;Orman Benim&#8221; etkinli\u011fi d\u00fczenlendi. Orman yang\u0131nlar\u0131n\u0131n \u00f6nlenmesi ve olas\u0131 yang\u0131n say\u0131lar\u0131n\u0131n, \u015fiddetinin d\u00fc\u015f\u00fcr\u00fclerek \u00e7evreye zararlar\u0131n\u0131n en aza indirilmesi, vatanda\u015flarda orman yang\u0131nlar\u0131n\u0131n \u00e7\u0131kmas\u0131n\u0131 \u00f6nleyici bilincin olu\u015fmas\u0131 amac\u0131yla Tar\u0131m ve Orman Bakanl\u0131\u011f\u0131n\u0131n orman yang\u0131nlar\u0131na y\u00f6nelik \u00f6nleyici tedbirlerine ili\u015fkin yurt genelinde&#8230;<\/p>\n","protected":false},"author":1,"featured_media":27444,"comment_status":"open","ping_status":"open","sticky":false,"template":"","format":"standard","meta":{"_crdt_document":"","footnotes":""},"categories":[1],"tags":[],"class_list":["post-27443","post","type-post","status-publish","format-standard","has-post-thumbnail","hentry","category-guncel"],"_links":{"self":[{"href":"https:\/\/www.egemtv.com\/index.php?rest_route=\/wp\/v2\/posts\/27443","targetHints":{"allow":["GET"]}}],"collection":[{"href":"https:\/\/www.egemtv.com\/index.php?rest_route=\/wp\/v2\/posts"}],"about":[{"href":"https:\/\/www.egemtv.com\/index.php?rest_route=\/wp\/v2\/types\/post"}],"author":[{"embeddable":true,"href":"https:\/\/www.egemtv.com\/index.php?rest_route=\/wp\/v2\/users\/1"}],"replies":[{"embeddable":true,"href":"https:\/\/www.egemtv.com\/index.php?rest_route=%2Fwp%2Fv2%2Fcomments&post=27443"}],"version-history":[{"count":1,"href":"https:\/\/www.egemtv.com\/index.php?rest_route=\/wp\/v2\/posts\/27443\/revisions"}],"predecessor-version":[{"id":27445,"href":"https:\/\/www.egemtv.com\/index.php?rest_route=\/wp\/v2\/posts\/27443\/revisions\/27445"}],"wp:featuredmedia":[{"embeddable":true,"href":"https:\/\/www.egemtv.com\/index.php?rest_route=\/wp\/v2\/media\/27444"}],"wp:attachment":[{"href":"https:\/\/www.egemtv.com\/index.php?rest_route=%2Fwp%2Fv2%2Fmedia&parent=27443"}],"wp:term":[{"taxonomy":"category","embeddable":true,"href":"https:\/\/www.egemtv.com\/index.php?rest_route=%2Fwp%2Fv2%2Fcategories&post=27443"},{"taxonomy":"post_tag","embeddable":true,"href":"https:\/\/www.egemtv.com\/index.php?rest_route=%2Fwp%2Fv2%2Ftags&post=27443"}],"curies":[{"name":"wp","href":"https:\/\/api.w.org\/{rel}","templated":true}]}}