{"id":27440,"date":"2025-05-09T15:56:08","date_gmt":"2025-05-09T12:56:08","guid":{"rendered":"https:\/\/www.egemtv.com\/?p=27440"},"modified":"2025-05-09T15:56:14","modified_gmt":"2025-05-09T12:56:14","slug":"baskan-bocek-turizmi-12-aya-yaymaya-calisiyoruz","status":"publish","type":"post","link":"https:\/\/www.egemtv.com\/?p=27440","title":{"rendered":"Ba\u015fkan B\u00f6cek: &#8220;Turizmi 12 aya yaymaya \u00e7al\u0131\u015f\u0131yoruz&#8221;"},"content":{"rendered":"<p>Birle\u015fik Krall\u0131k\u2019\u0131n Ankara B\u00fcy\u00fckel\u00e7isi Jill Morris ve beraberindeki heyet, Antalya B\u00fcy\u00fck\u015fehir Belediye Ba\u015fkan\u0131 Muhittin B\u00f6cek\u2019i ziyaret etti.<br \/>\n<br \/>Ba\u015fkan B\u00f6cek turizmi 12 aya yaymak i\u00e7in \u00e7al\u0131\u015fmalar yapt\u0131klar\u0131n\u0131 belirtirken, B\u00fcy\u00fckel\u00e7i Morris ise bu \u00e7al\u0131\u015fmalar\u0131n turizmi canland\u0131racak ve turist say\u0131s\u0131n\u0131 artt\u0131racak \u00f6nemli fakt\u00f6rler oldu\u011funu s\u00f6yledi.<br \/>\n<br \/>Antalya B\u00fcy\u00fck\u015fehir Belediye Ba\u015fkan\u0131 Muhittin B\u00f6cek, Birle\u015fik Krall\u0131k Ankara B\u00fcy\u00fckel\u00e7isi Jill Morris ve beraberindeki heyeti a\u011f\u0131rlad\u0131. Ziyaretten duydu\u011fu memnuniyeti dile getiren Ba\u015fkan Muhittin B\u00f6cek, turizm sezonunun yakla\u015fmas\u0131yla birlikte Antalya\u2019n\u0131n \u0130ngiltere ile olan ticaret, turizm ve k\u00fclt\u00fcrel ba\u011flar\u0131n\u0131 daha da g\u00fc\u00e7lendirmek ad\u0131na g\u00f6r\u00fc\u015fmenin \u00f6nem ta\u015f\u0131d\u0131\u011f\u0131n\u0131 s\u00f6yledi. Antalya\u2019n\u0131n tar\u0131m ve turizm potansiyeli hakk\u0131nda heyete bilgi veren Ba\u015fkan B\u00f6cek, Antalya B\u00fcy\u00fck\u015fehir Belediyesi\u2019nin yerel kalk\u0131nma ve \u00e7evre konusunda yapt\u0131\u011f\u0131 \u00e7al\u0131\u015fmalar\u0131 anlatt\u0131. Antalya\u2019n\u0131n ge\u00e7ti\u011fimiz y\u0131l 1 milyon 574 bin \u0130ngiliz turiste ev sahipli\u011fi yapt\u0131\u011f\u0131n\u0131 s\u00f6yleyen B\u00f6cek, &#8220;Antalya\u2019m\u0131z do\u011fas\u0131, tarihi ile 640 km sahili olan, 700 bin yatak kapasiteli bir \u015fehir. Turist say\u0131s\u0131 bak\u0131m\u0131ndan d\u00fcnyada 4\u2019nc\u00fc, Avrupa\u2019da 3\u2019nc\u00fc s\u0131raday\u0131z. Asya Belediye Ba\u015fkanlar\u0131 Forumu taraf\u0131ndan 2025 y\u0131l\u0131 \u00e7evre ba\u015fkenti ilan edildik. Turizmin yan\u0131nda tar\u0131m var. Uluslararas\u0131 FoodFest gastronomi Festivalimiz var. D\u00fcnyadan ve T\u00fcrkiye\u2019den Michelin y\u0131ld\u0131zl\u0131 \u015feflerimiz geliyor. K\u00fclt\u00fcr, sanat, spor ve sa\u011fl\u0131k turizmi alan\u0131nda da turizmi 12 aya yaymaya \u00e7al\u0131\u015f\u0131yoruz. Antalya\u2019m\u0131z t\u00fcm d\u00fcnya liderlerinin de geldi\u011fi bir bar\u0131\u015f \u015fehridir&#8221; dedi.<br \/>\n<br \/>Ayn\u0131 zamanda Sakin \u015eehirler A\u011f\u0131 (Cittaslow) Genel Ba\u015fkan Yard\u0131mc\u0131s\u0131 olan Ba\u015fkan Muhittin B\u00f6cek, B\u00fcy\u00fckel\u00e7i Morris\u2019e turizm i\u00e7in b\u00fcy\u00fck \u00f6nem ta\u015f\u0131yan sakin \u015fehir \u00e7al\u0131\u015fmalar\u0131 hakk\u0131nda da bilgi verdi.<\/p>\n<p>&#8220;T\u00fcrkiye\u2019ye \u00f6rnek oluyoruz&#8221;<br \/>\n<br \/>30 b\u00fcy\u00fck\u015fehir belediyesi aras\u0131nda Antalya B\u00fcy\u00fck\u015fehir Belediyesi\u2019nin yerel kalk\u0131nma ve tar\u0131m projeleri ile ilk s\u0131rada oldu\u011funu s\u00f6yleyen Ba\u015fkan Muhittin B\u00f6cek, tar\u0131m alan\u0131nda yap\u0131lan \u00e7al\u0131\u015fmalar\u0131 da anlatt\u0131. Ba\u015fkan B\u00f6cek, &#8220;T\u00fcrkiye\u2019de i\u015flem hacmiyle ilgili 3 y\u0131ld\u0131r birinci s\u0131raday\u0131z. Bin 938 t\u00fcccar ve komisyoncumuz var. \u00dcreticiler ile ilgili Kumluca\u2019da hem paketleme hem kurutma tesisimizi a\u00e7t\u0131k. Korkuteli\u2019de de a\u00e7t\u0131k. Burada kurutulan ve paketlenen \u00fclkelerin yurt d\u0131\u015f\u0131na sat\u0131\u015f\u0131yla ilgili haz\u0131rl\u0131klar\u0131m\u0131z var. B\u00fcy\u00fck\u015fehir Belediyesi olarak kad\u0131n kooperatiflerimizi destekliyoruz. 53 sulama kooperatifimizin enerji ihtiyac\u0131n\u0131n y\u00fczde 85\u2019ini kar\u015f\u0131l\u0131yoruz. 145 bin konuta e\u015fde\u011fer 53,5 MW temiz enerji \u00fcretiyoruz. \u00dcreticilere her t\u00fcrl\u00fc fide, fidan, tohum, ekipman deste\u011fi sa\u011fl\u0131yoruz. Budama ve ar\u0131c\u0131l\u0131k e\u011fitimleri veriyoruz. Kapal\u0131 devre sulama sistemleri kurarak suyumuzu koruyoruz. T\u00fcm bu \u00e7al\u0131\u015fmalar\u0131m\u0131zla T\u00fcrkiye\u2019ye \u00f6rnek oluyoruz&#8221; diye konu\u015ftu.<\/p>\n<p>&#8220;\u0130ngiliz turistler Antalya\u2019y\u0131 \u00e7ok seviyor&#8221;<br \/>\n<br \/>B\u00fcy\u00fckel\u00e7i Morris, Antalya\u2019da olmaktan b\u00fcy\u00fck mutluluk duydu\u011funu belirterek, \u0130ngiliz turistlerin Antalya\u2019y\u0131 \u00e7ok sevdi\u011fini ve her y\u0131l giderek say\u0131lar\u0131n\u0131n artt\u0131\u011f\u0131n\u0131 s\u00f6yledi. S\u0131cak kar\u015f\u0131lamas\u0131ndan dolay\u0131 Ba\u015fkan Muhittin B\u00f6cek\u2019e te\u015fekk\u00fcr eden B\u00fcy\u00fckel\u00e7i Morris \u015f\u00f6yle konu\u015ftu:<br \/>\n<br \/>&#8220;\u0130ngiliz turistler geldiklerinde kendilerini g\u00fcvende ve evlerinde hissetsinler diye \u00e7ok g\u00fczel \u00e7al\u0131\u015fmalar\u0131n\u0131z var. \u0130ngiliz tak\u0131mlar\u0131 e\u011fitim ve kamp ama\u00e7l\u0131 buray\u0131 s\u0131kl\u0131kla tercih ediyor. Tar\u0131m teknolojileri, \u00f6zellikle s\u00fcrd\u00fcr\u00fclebilirlik ve ye\u015fil \u00e7evre konusu, ayn\u0131 zamanda \u0130ngiltere\u2019nin de \u00f6nem verdi\u011fi konular\u0131n ba\u015f\u0131nda geliyor. \u00c7evreyi koruman\u0131n yan\u0131 s\u0131ra, do\u011fa turizmi, eko turizm, gastronomi turizmi de turistlerin \u00e7ok ilgisini \u00e7eken konular. Sizin sundu\u011funuz bu \u00e7e\u015fitlilik de turizmi \u00e7ok daha fazla art\u0131racak bir fakt\u00f6r.&#8221;<br \/>\n<br \/>Ba\u015fkan Muhittin B\u00f6cek, ziyaretin an\u0131s\u0131na B\u00fcy\u00fckel\u00e7i Morris\u2019e ay y\u0131ld\u0131zl\u0131 plaket ve kad\u0131n kooperatiflerince yap\u0131lan hediyeleri takdim etti.<br \/><\/p>\n","protected":false},"excerpt":{"rendered":"<p>Birle\u015fik Krall\u0131k\u2019\u0131n Ankara B\u00fcy\u00fckel\u00e7isi Jill Morris ve beraberindeki heyet, Antalya B\u00fcy\u00fck\u015fehir Belediye Ba\u015fkan\u0131 Muhittin B\u00f6cek\u2019i ziyaret etti. Ba\u015fkan B\u00f6cek turizmi 12 aya yaymak i\u00e7in \u00e7al\u0131\u015fmalar yapt\u0131klar\u0131n\u0131 belirtirken, B\u00fcy\u00fckel\u00e7i Morris ise bu \u00e7al\u0131\u015fmalar\u0131n turizmi canland\u0131racak ve turist say\u0131s\u0131n\u0131 artt\u0131racak \u00f6nemli fakt\u00f6rler oldu\u011funu s\u00f6yledi. Antalya B\u00fcy\u00fck\u015fehir Belediye Ba\u015fkan\u0131 Muhittin B\u00f6cek, Birle\u015fik Krall\u0131k Ankara B\u00fcy\u00fckel\u00e7isi Jill Morris ve&#8230;<\/p>\n","protected":false},"author":1,"featured_media":27441,"comment_status":"open","ping_status":"open","sticky":false,"template":"","format":"standard","meta":{"_crdt_document":"","footnotes":""},"categories":[127],"tags":[],"class_list":["post-27440","post","type-post","status-publish","format-standard","has-post-thumbnail","hentry","category-siyaset"],"_links":{"self":[{"href":"https:\/\/www.egemtv.com\/index.php?rest_route=\/wp\/v2\/posts\/27440","targetHints":{"allow":["GET"]}}],"collection":[{"href":"https:\/\/www.egemtv.com\/index.php?rest_route=\/wp\/v2\/posts"}],"about":[{"href":"https:\/\/www.egemtv.com\/index.php?rest_route=\/wp\/v2\/types\/post"}],"author":[{"embeddable":true,"href":"https:\/\/www.egemtv.com\/index.php?rest_route=\/wp\/v2\/users\/1"}],"replies":[{"embeddable":true,"href":"https:\/\/www.egemtv.com\/index.php?rest_route=%2Fwp%2Fv2%2Fcomments&post=27440"}],"version-history":[{"count":1,"href":"https:\/\/www.egemtv.com\/index.php?rest_route=\/wp\/v2\/posts\/27440\/revisions"}],"predecessor-version":[{"id":27442,"href":"https:\/\/www.egemtv.com\/index.php?rest_route=\/wp\/v2\/posts\/27440\/revisions\/27442"}],"wp:featuredmedia":[{"embeddable":true,"href":"https:\/\/www.egemtv.com\/index.php?rest_route=\/wp\/v2\/media\/27441"}],"wp:attachment":[{"href":"https:\/\/www.egemtv.com\/index.php?rest_route=%2Fwp%2Fv2%2Fmedia&parent=27440"}],"wp:term":[{"taxonomy":"category","embeddable":true,"href":"https:\/\/www.egemtv.com\/index.php?rest_route=%2Fwp%2Fv2%2Fcategories&post=27440"},{"taxonomy":"post_tag","embeddable":true,"href":"https:\/\/www.egemtv.com\/index.php?rest_route=%2Fwp%2Fv2%2Ftags&post=27440"}],"curies":[{"name":"wp","href":"https:\/\/api.w.org\/{rel}","templated":true}]}}