{"id":27362,"date":"2025-05-09T12:36:26","date_gmt":"2025-05-09T09:36:26","guid":{"rendered":"https:\/\/www.egemtv.com\/?p=27362"},"modified":"2025-05-09T12:36:32","modified_gmt":"2025-05-09T09:36:32","slug":"hisarcik-cpl-mesleki-ve-teknik-anadolu-lisesine-donusturuldu","status":"publish","type":"post","link":"https:\/\/www.egemtv.com\/?p=27362","title":{"rendered":"Hisarc\u0131k \u00c7PL Mesleki ve Teknik Anadolu Lisesine d\u00f6n\u00fc\u015ft\u00fcr\u00fcld\u00fc"},"content":{"rendered":"<p>Hisarc\u0131k \u015eehit Y\u00fcksel Ar\u0131k \u00c7ok Programl\u0131 Anadolu Lisesinin (\u00c7PL) Milli E\u011fitim Bakanl\u0131\u011f\u0131 taraf\u0131ndan Mesleki ve Teknik Anadolu Lisesine d\u00f6n\u00fc\u015ft\u00fcr\u00fcld\u00fc\u011f\u00fc bildirildi.<br \/>\n<br \/>Konuyla ilgili bilgi veren \u0130l\u00e7e Milli E\u011fitim M\u00fcd\u00fcr\u00fc Salim Karabo\u011fa, uzun zamandan bu yana u\u011fra\u015f\u0131n\u0131 verdikleri bir konuyu daha sonu\u00e7land\u0131rman\u0131n mutlulu\u011funu ya\u015fad\u0131klar\u0131n\u0131 belirtti. Karabo\u011fa, &#8220;\u0130l\u00e7emizde \u00c7ok Programl\u0131 Okul stat\u00fcs\u00fcyle izmet vermekte olan Hisarc\u0131k \u015eehit Y\u00fcksel Ar\u0131k \u00c7ok Programl\u0131 Anadolu Lisemiz, M\u00fcd\u00fcrl\u00fc\u011f\u00fcm\u00fcz\u00fcn talebi, \u0130l Milli E\u011fitim M\u00fcd\u00fcrl\u00fc\u011f\u00fcm\u00fcz ve \u0130l \u0130stihdam Kurulunun uygun g\u00f6r\u00fc\u015fleri, Mesleki ve Teknik E\u011fitim Genel M\u00fcd\u00fcrl\u00fc\u011f\u00fcm\u00fcz\u00fcn teklifleriyle Milli E\u011fitim Bakanl\u0131\u011f\u0131m\u0131z taraf\u0131ndan Mesleki ve Teknik Anadolu Lisesine d\u00f6n\u00fc\u015ft\u00fcr\u00fcld\u00fc. Okulumuz yeni \u00f6\u011fretim y\u0131l\u0131yla birlikte &#8220;Hisarc\u0131k \u015eehit Y\u00fcksel Ar\u0131k Mesleki ve Teknik Anadolu Lisesi&#8221; olarak hizmet vermeye ba\u015flayacakt\u0131r. T\u00fcrkiye Y\u00fczy\u0131l\u0131 Maarif Modeli do\u011frultusunda il\u00e7emizde Mesleki ve Teknik E\u011fitimi daha etkin ve verimli hale getirerek bu alanda daha donan\u0131ml\u0131 ve yetkin bireyler yeti\u015ftirmek ad\u0131na \u00f6nemli bir ad\u0131m olarak g\u00f6rd\u00fc\u011f\u00fcm\u00fcz bu de\u011fi\u015fimin \u0130l\u00e7emize ve okulumuzda meslek e\u011fitimi alacak \u00f6\u011frencilerimiz i\u00e7in hay\u0131rlara vesile olmas\u0131n\u0131 temenni ediyorum. Okulumuzun Mesleki ve Teknik Anadolu Lisesine d\u00f6n\u00fc\u015ft\u00fcr\u00fclmesi s\u00fcrecine katk\u0131lar\u0131ndan dolay\u0131 ba\u015fta il\u00e7emiz Kaymakam\u0131 Muhammet Samet Bahar olmak \u00fczere, \u0130l Milli E\u011fitim M\u00fcd\u00fcr\u00fcm\u00fcz Mustafa Y\u0131lmaz\u2019a, \u0130l Milli E\u011fitim \u015eube M\u00fcd\u00fcr\u00fcm\u00fcz Ali Sezer\u2019e ve bu s\u00fcrece destek veren t\u00fcm payda\u015flar\u0131m\u0131za \u015fahs\u0131m ve kurumum ad\u0131na te\u015fekk\u00fcr ediyorum&#8221; dedi.<br \/><\/p>\n","protected":false},"excerpt":{"rendered":"<p>Hisarc\u0131k \u015eehit Y\u00fcksel Ar\u0131k \u00c7ok Programl\u0131 Anadolu Lisesinin (\u00c7PL) Milli E\u011fitim Bakanl\u0131\u011f\u0131 taraf\u0131ndan Mesleki ve Teknik Anadolu Lisesine d\u00f6n\u00fc\u015ft\u00fcr\u00fcld\u00fc\u011f\u00fc bildirildi. Konuyla ilgili bilgi veren \u0130l\u00e7e Milli E\u011fitim M\u00fcd\u00fcr\u00fc Salim Karabo\u011fa, uzun zamandan bu yana u\u011fra\u015f\u0131n\u0131 verdikleri bir konuyu daha sonu\u00e7land\u0131rman\u0131n mutlulu\u011funu ya\u015fad\u0131klar\u0131n\u0131 belirtti. Karabo\u011fa, &#8220;\u0130l\u00e7emizde \u00c7ok Programl\u0131 Okul stat\u00fcs\u00fcyle izmet vermekte olan Hisarc\u0131k \u015eehit Y\u00fcksel&#8230;<\/p>\n","protected":false},"author":1,"featured_media":27363,"comment_status":"open","ping_status":"open","sticky":false,"template":"","format":"standard","meta":{"_crdt_document":"","footnotes":""},"categories":[1],"tags":[],"class_list":["post-27362","post","type-post","status-publish","format-standard","has-post-thumbnail","hentry","category-guncel"],"_links":{"self":[{"href":"https:\/\/www.egemtv.com\/index.php?rest_route=\/wp\/v2\/posts\/27362","targetHints":{"allow":["GET"]}}],"collection":[{"href":"https:\/\/www.egemtv.com\/index.php?rest_route=\/wp\/v2\/posts"}],"about":[{"href":"https:\/\/www.egemtv.com\/index.php?rest_route=\/wp\/v2\/types\/post"}],"author":[{"embeddable":true,"href":"https:\/\/www.egemtv.com\/index.php?rest_route=\/wp\/v2\/users\/1"}],"replies":[{"embeddable":true,"href":"https:\/\/www.egemtv.com\/index.php?rest_route=%2Fwp%2Fv2%2Fcomments&post=27362"}],"version-history":[{"count":1,"href":"https:\/\/www.egemtv.com\/index.php?rest_route=\/wp\/v2\/posts\/27362\/revisions"}],"predecessor-version":[{"id":27364,"href":"https:\/\/www.egemtv.com\/index.php?rest_route=\/wp\/v2\/posts\/27362\/revisions\/27364"}],"wp:featuredmedia":[{"embeddable":true,"href":"https:\/\/www.egemtv.com\/index.php?rest_route=\/wp\/v2\/media\/27363"}],"wp:attachment":[{"href":"https:\/\/www.egemtv.com\/index.php?rest_route=%2Fwp%2Fv2%2Fmedia&parent=27362"}],"wp:term":[{"taxonomy":"category","embeddable":true,"href":"https:\/\/www.egemtv.com\/index.php?rest_route=%2Fwp%2Fv2%2Fcategories&post=27362"},{"taxonomy":"post_tag","embeddable":true,"href":"https:\/\/www.egemtv.com\/index.php?rest_route=%2Fwp%2Fv2%2Ftags&post=27362"}],"curies":[{"name":"wp","href":"https:\/\/api.w.org\/{rel}","templated":true}]}}