{"id":27359,"date":"2025-05-09T12:15:21","date_gmt":"2025-05-09T09:15:21","guid":{"rendered":"https:\/\/www.egemtv.com\/?p=27359"},"modified":"2025-05-09T12:15:26","modified_gmt":"2025-05-09T09:15:26","slug":"turgutluda-traktor-suruculerine-reflektor-uyarisi-yapildi","status":"publish","type":"post","link":"https:\/\/www.egemtv.com\/?p=27359","title":{"rendered":"Turgutlu\u2019da trakt\u00f6r s\u00fcr\u00fcc\u00fclerine reflekt\u00f6r uyar\u0131s\u0131 yap\u0131ld\u0131"},"content":{"rendered":"<p>Manisa\u2019n\u0131n Turgutlu il\u00e7esinde, trakt\u00f6r kazalar\u0131n\u0131n \u00f6n\u00fcne ge\u00e7mek ve s\u00fcr\u00fcc\u00fclerin trafikte daha g\u00f6r\u00fcn\u00fcr olmas\u0131n\u0131 sa\u011flamak amac\u0131yla &#8220;Reflekt\u00f6r Tak, G\u00f6r\u00fcn\u00fcr Ol&#8221; etkinli\u011fi d\u00fczenlendi.<br \/>\n<br \/>Turgutlu \u0130l\u00e7e Jandarma Komutanl\u0131\u011f\u0131 koordinesinde Derbent Mahallesi\u2019nde ger\u00e7ekle\u015ftirilen etkinli\u011fe, Turgutlu Kaymakam\u0131 Selami Kapankaya, \u0130l\u00e7e Jandarma Komutan\u0131 \u00dcste\u011fmen Sercan Kara\u00e7al\u0131, mahalle muhtar\u0131 Ziya K\u00f6ro\u011flu ve \u00e7ok say\u0131da trakt\u00f6r s\u00fcr\u00fcc\u00fcs\u00fc kat\u0131ld\u0131. Etkinlik kapsam\u0131nda Jandarma Trafik Tim Komutan\u0131 K\u0131demli Ba\u015f\u00e7avu\u015f Osman Sar\u0131, \u00e7ift\u00e7ilere reflekt\u00f6r kullanman\u0131n trafik g\u00fcvenli\u011fi a\u00e7\u0131s\u0131ndan ta\u015f\u0131d\u0131\u011f\u0131 hayati \u00f6nemi anlatt\u0131. G\u00f6r\u00fcn\u00fcrl\u00fc\u011f\u00fc art\u0131rarak olabilecek kazalar\u0131n \u00f6n\u00fcne ge\u00e7ilmesinin hedeflendi\u011fi programda, s\u00fcr\u00fcc\u00fclere \u00fccretsiz reflekt\u00f6r da\u011f\u0131t\u0131m\u0131 da yap\u0131ld\u0131.<br \/>\n<br \/>Kaymakam Kapankaya, fark\u0131ndal\u0131k olu\u015fturmak amac\u0131yla ilk reflekt\u00f6r\u00fc bizzat kendisi takarak, reflekt\u00f6r kullan\u0131m\u0131n\u0131n \u00f6zellikle gece saatlerinde hayati bir koruma sa\u011flad\u0131\u011f\u0131n\u0131 vurgulad\u0131.<br \/>\n<br \/>Etkinlik, k\u0131rsal b\u00f6lgelerde trafik bilincinin art\u0131r\u0131lmas\u0131na y\u00f6nelik \u00e7al\u0131\u015fmalar\u0131n devam edece\u011fi mesaj\u0131yla sona erdi.<br \/><\/p>\n","protected":false},"excerpt":{"rendered":"<p>Manisa\u2019n\u0131n Turgutlu il\u00e7esinde, trakt\u00f6r kazalar\u0131n\u0131n \u00f6n\u00fcne ge\u00e7mek ve s\u00fcr\u00fcc\u00fclerin trafikte daha g\u00f6r\u00fcn\u00fcr olmas\u0131n\u0131 sa\u011flamak amac\u0131yla &#8220;Reflekt\u00f6r Tak, G\u00f6r\u00fcn\u00fcr Ol&#8221; etkinli\u011fi d\u00fczenlendi. Turgutlu \u0130l\u00e7e Jandarma Komutanl\u0131\u011f\u0131 koordinesinde Derbent Mahallesi\u2019nde ger\u00e7ekle\u015ftirilen etkinli\u011fe, Turgutlu Kaymakam\u0131 Selami Kapankaya, \u0130l\u00e7e Jandarma Komutan\u0131 \u00dcste\u011fmen Sercan Kara\u00e7al\u0131, mahalle muhtar\u0131 Ziya K\u00f6ro\u011flu ve \u00e7ok say\u0131da trakt\u00f6r s\u00fcr\u00fcc\u00fcs\u00fc kat\u0131ld\u0131. Etkinlik kapsam\u0131nda Jandarma Trafik Tim&#8230;<\/p>\n","protected":false},"author":1,"featured_media":27360,"comment_status":"open","ping_status":"open","sticky":false,"template":"","format":"standard","meta":{"_crdt_document":"","footnotes":""},"categories":[1],"tags":[],"class_list":["post-27359","post","type-post","status-publish","format-standard","has-post-thumbnail","hentry","category-guncel"],"_links":{"self":[{"href":"https:\/\/www.egemtv.com\/index.php?rest_route=\/wp\/v2\/posts\/27359","targetHints":{"allow":["GET"]}}],"collection":[{"href":"https:\/\/www.egemtv.com\/index.php?rest_route=\/wp\/v2\/posts"}],"about":[{"href":"https:\/\/www.egemtv.com\/index.php?rest_route=\/wp\/v2\/types\/post"}],"author":[{"embeddable":true,"href":"https:\/\/www.egemtv.com\/index.php?rest_route=\/wp\/v2\/users\/1"}],"replies":[{"embeddable":true,"href":"https:\/\/www.egemtv.com\/index.php?rest_route=%2Fwp%2Fv2%2Fcomments&post=27359"}],"version-history":[{"count":1,"href":"https:\/\/www.egemtv.com\/index.php?rest_route=\/wp\/v2\/posts\/27359\/revisions"}],"predecessor-version":[{"id":27361,"href":"https:\/\/www.egemtv.com\/index.php?rest_route=\/wp\/v2\/posts\/27359\/revisions\/27361"}],"wp:featuredmedia":[{"embeddable":true,"href":"https:\/\/www.egemtv.com\/index.php?rest_route=\/wp\/v2\/media\/27360"}],"wp:attachment":[{"href":"https:\/\/www.egemtv.com\/index.php?rest_route=%2Fwp%2Fv2%2Fmedia&parent=27359"}],"wp:term":[{"taxonomy":"category","embeddable":true,"href":"https:\/\/www.egemtv.com\/index.php?rest_route=%2Fwp%2Fv2%2Fcategories&post=27359"},{"taxonomy":"post_tag","embeddable":true,"href":"https:\/\/www.egemtv.com\/index.php?rest_route=%2Fwp%2Fv2%2Ftags&post=27359"}],"curies":[{"name":"wp","href":"https:\/\/api.w.org\/{rel}","templated":true}]}}