{"id":27356,"date":"2025-05-09T12:15:15","date_gmt":"2025-05-09T09:15:15","guid":{"rendered":"https:\/\/www.egemtv.com\/?p=27356"},"modified":"2025-05-09T12:15:21","modified_gmt":"2025-05-09T09:15:21","slug":"yikim-yapilacak-is-yerinde-zabita-ekipleriyle-calisanlar-arasinda-kavga-5-yarali","status":"publish","type":"post","link":"https:\/\/www.egemtv.com\/?p=27356","title":{"rendered":"Y\u0131k\u0131m yap\u0131lacak i\u015f yerinde zab\u0131ta ekipleriyle \u00e7al\u0131\u015fanlar aras\u0131nda kavga: 5 yaral\u0131"},"content":{"rendered":"<p>Afyonkarahisar\u2019da y\u0131k\u0131m karar\u0131 al\u0131nan i\u015f yerine e\u015fya bo\u015faltmak i\u00e7in giden 4 \u00e7al\u0131\u015fan ile y\u0131k\u0131m i\u00e7in gelen zab\u0131ta ekipleri aras\u0131nda kavga \u00e7\u0131kt\u0131. Olayda 4\u2019\u00fc \u00e7al\u0131\u015fan, biri belediye \u00e7al\u0131\u015fan\u0131 olmak \u00fczere 5 ki\u015fi yaraland\u0131.<br \/>\n<br \/>Olay, \u0130hsaniye il\u00e7esine ba\u011fl\u0131 Gazl\u0131g\u00f6l beldesinde meydana geldi. Edinilen bilgilere g\u00f6re, Gazl\u0131g\u00f6l Belediyesi beldede ucuzluk pazar\u0131 olarak faaliyet g\u00f6steren E.\u00c7.\u2019ye ait i\u015f yeri i\u00e7in y\u0131k\u0131m karar\u0131 ald\u0131. Bunun \u00fczerine E.\u00c7.\u2019nin i\u015f yerini bo\u015faltmas\u0131 i\u00e7in belediye taraf\u0131ndan tebligat yap\u0131ld\u0131. E.\u00c7. de ge\u00e7ti\u011fimiz hafta sonu \u00e7al\u0131\u015fanlar\u0131n\u0131 i\u015f yerine g\u00f6ndererek d\u00fckkan\u0131 bo\u015faltmalar\u0131n\u0131 istedi. \u0130\u015f yerine giden Y.A., D.A. H.A. ve 17 ya\u015f\u0131ndaki D.A., i\u015f yerini bo\u015faltt\u0131\u011f\u0131 s\u0131rada olay yerine Gazl\u0131g\u00f6l Belediyesi Zab\u0131ta M\u00fcd\u00fcrl\u00fc\u011f\u00fc ekipleri geldi. \u00c7al\u0131\u015fanlar zab\u0131ta ekiplerinden d\u00fckkanda matkap gibi \u00e7e\u015fitli ara\u00e7 ve gere\u00e7lerin oldu\u011funu, bu y\u00fczden kendilerine bir s\u00fcre m\u00fcsaade etmelerini istedi. \u0130ddiaya g\u00f6re, zab\u0131ta ekipleri i\u015f makinelerinin y\u0131k\u0131m i\u00e7in geldi\u011fini s\u00f6yleyerek acele etmelerini istedi. Bunun \u00fczerine \u00e7al\u0131\u015fanlar ile zab\u0131ta ekipleri aras\u0131nda zaman konusunda tart\u0131\u015fma ya\u015fand\u0131.<\/p>\n<p>Yaralanan ki\u015filer ambulanslarla hastanelere kald\u0131r\u0131ld\u0131<br \/>\n<br \/>Tart\u0131\u015fma bir s\u00fcre sonra yerini kavgaya b\u0131rakt\u0131. \u00c7al\u0131\u015fanlardan Y.A., ba\u015f\u0131na ald\u0131\u011f\u0131 darbeler sonras\u0131 bay\u0131l\u0131rken, bir di\u011fer \u00e7al\u0131\u015fan 17 ya\u015f\u0131ndaki D.A.\u2019n\u0131n ise ald\u0131\u011f\u0131 darbeler sonras\u0131 el parmaklar\u0131 k\u0131r\u0131ld\u0131. Di\u011fer iki \u00e7al\u0131\u015fanda v\u00fccudunun farkl\u0131 yerlerinden yaraland\u0131. Olayda A.G. isimli bir belediye \u00e7al\u0131\u015fan\u0131 da yaraland\u0131. Kavga \u00e7evredekilerin haber vermesi ile olay yerine gelen jandarma ekiplerinin m\u00fcdahalesi ile sona ererken, yaralanan 5 ki\u015fi ise olay yerine gelen ambulanslarla hastanelere kald\u0131r\u0131ld\u0131. Olay\u0131n ard\u0131ndan y\u0131k\u0131m karar\u0131 \u00e7\u0131kar\u0131lan i\u015f yeri ise olay g\u00fcn\u00fcn\u00fcn ak\u015fam\u0131 i\u015f makineleri ile y\u0131k\u0131ld\u0131.<br \/>\n<br \/>Taraflar\u0131n kar\u015f\u0131l\u0131kl\u0131 olarak birbirlerinden \u015fikayet\u00e7i olmas\u0131 \u00fczerine savc\u0131l\u0131k taraf\u0131ndan olayla ilgili soru\u015fturma ba\u015flat\u0131ld\u0131.<br \/><\/p>\n","protected":false},"excerpt":{"rendered":"<p>Afyonkarahisar\u2019da y\u0131k\u0131m karar\u0131 al\u0131nan i\u015f yerine e\u015fya bo\u015faltmak i\u00e7in giden 4 \u00e7al\u0131\u015fan ile y\u0131k\u0131m i\u00e7in gelen zab\u0131ta ekipleri aras\u0131nda kavga \u00e7\u0131kt\u0131. Olayda 4\u2019\u00fc \u00e7al\u0131\u015fan, biri belediye \u00e7al\u0131\u015fan\u0131 olmak \u00fczere 5 ki\u015fi yaraland\u0131. Olay, \u0130hsaniye il\u00e7esine ba\u011fl\u0131 Gazl\u0131g\u00f6l beldesinde meydana geldi. Edinilen bilgilere g\u00f6re, Gazl\u0131g\u00f6l Belediyesi beldede ucuzluk pazar\u0131 olarak faaliyet g\u00f6steren E.\u00c7.\u2019ye ait i\u015f yeri&#8230;<\/p>\n","protected":false},"author":1,"featured_media":27357,"comment_status":"open","ping_status":"open","sticky":false,"template":"","format":"standard","meta":{"_crdt_document":"","footnotes":""},"categories":[5],"tags":[],"class_list":["post-27356","post","type-post","status-publish","format-standard","has-post-thumbnail","hentry","category-asayis"],"_links":{"self":[{"href":"https:\/\/www.egemtv.com\/index.php?rest_route=\/wp\/v2\/posts\/27356","targetHints":{"allow":["GET"]}}],"collection":[{"href":"https:\/\/www.egemtv.com\/index.php?rest_route=\/wp\/v2\/posts"}],"about":[{"href":"https:\/\/www.egemtv.com\/index.php?rest_route=\/wp\/v2\/types\/post"}],"author":[{"embeddable":true,"href":"https:\/\/www.egemtv.com\/index.php?rest_route=\/wp\/v2\/users\/1"}],"replies":[{"embeddable":true,"href":"https:\/\/www.egemtv.com\/index.php?rest_route=%2Fwp%2Fv2%2Fcomments&post=27356"}],"version-history":[{"count":1,"href":"https:\/\/www.egemtv.com\/index.php?rest_route=\/wp\/v2\/posts\/27356\/revisions"}],"predecessor-version":[{"id":27358,"href":"https:\/\/www.egemtv.com\/index.php?rest_route=\/wp\/v2\/posts\/27356\/revisions\/27358"}],"wp:featuredmedia":[{"embeddable":true,"href":"https:\/\/www.egemtv.com\/index.php?rest_route=\/wp\/v2\/media\/27357"}],"wp:attachment":[{"href":"https:\/\/www.egemtv.com\/index.php?rest_route=%2Fwp%2Fv2%2Fmedia&parent=27356"}],"wp:term":[{"taxonomy":"category","embeddable":true,"href":"https:\/\/www.egemtv.com\/index.php?rest_route=%2Fwp%2Fv2%2Fcategories&post=27356"},{"taxonomy":"post_tag","embeddable":true,"href":"https:\/\/www.egemtv.com\/index.php?rest_route=%2Fwp%2Fv2%2Ftags&post=27356"}],"curies":[{"name":"wp","href":"https:\/\/api.w.org\/{rel}","templated":true}]}}