{"id":27335,"date":"2025-05-09T11:37:13","date_gmt":"2025-05-09T08:37:13","guid":{"rendered":"https:\/\/www.egemtv.com\/?p=27335"},"modified":"2025-05-09T11:37:16","modified_gmt":"2025-05-09T08:37:16","slug":"meslektaslarindan-merhum-dr-refik-kula-vefa","status":"publish","type":"post","link":"https:\/\/www.egemtv.com\/?p=27335","title":{"rendered":"Meslekta\u015flar\u0131ndan merhum Dr. Refik Kul\u2019a vefa"},"content":{"rendered":"<p>Alia\u011fa il\u00e7esinde g\u00f6rev yapt\u0131\u011f\u0131 s\u00fcre boyunca meslek disiplini, g\u00fcler y\u00fcz\u00fc ve insan sevgisiyle herkesin g\u00f6nl\u00fcnde iz b\u0131rakan merhum Dr. Refik Kul, vefat\u0131n\u0131n ard\u0131ndan da unutulmad\u0131. \u0130ki ay \u00f6nce ge\u00e7irdi\u011fi trafik kazas\u0131nda hayat\u0131n\u0131 kaybeden Dr. Refik Kul i\u00e7in mesai arkada\u015flar\u0131 taraf\u0131ndan lokma hayr\u0131 d\u00fczenlendi.<br \/>\n<br \/>11 No\u2019lu Aile Sa\u011fl\u0131\u011f\u0131 Merkezi \u00f6n\u00fcnde d\u00fczenlenen lokma hayr\u0131na, Alia\u011fa sa\u011fl\u0131k \u00e7al\u0131\u015fanlar\u0131, il\u00e7ede g\u00f6rev yapan eczac\u0131lar ve Ert\u00fcrk Grup ev sahipli\u011fi yapt\u0131. Hay\u0131r etkinli\u011fine Alia\u011fa \u0130l\u00e7e Sa\u011fl\u0131k M\u00fcd\u00fcr\u00fc Dr. \u00d6zkan Orhun, Alia\u011fa Belediyesi Ba\u015fkan Yard\u0131mc\u0131s\u0131 Mesut \u00d6zt\u00fcrk, sa\u011fl\u0131k \u00e7al\u0131\u015fanlar\u0131 ve \u00e7ok say\u0131da vatanda\u015f kat\u0131ld\u0131. Etkinlikte dualar edilerek Dr. Refik Kul\u2019un ruhuna ithafen lokma da\u011f\u0131t\u0131ld\u0131. Kat\u0131l\u0131mc\u0131lar, merhum hekimin geride b\u0131rakt\u0131\u011f\u0131 g\u00fczel izleri ve hizmetlerini minnetle and\u0131. Meslekta\u015flar\u0131, Dr. Kul\u2019un g\u00f6rev yapt\u0131\u011f\u0131 s\u00fcre boyunca halk sa\u011fl\u0131\u011f\u0131na sundu\u011fu katk\u0131lar\u0131 ve insanlara g\u00f6sterdi\u011fi \u00f6zveriyi unutmayacaklar\u0131n\u0131 ifade etti.<\/p>\n<p>Kazayla gelen ac\u0131 kay\u0131p<br \/>\n<br \/>Dr. Refik Kul, 28 Mart 2025 tarihinde 35 KA 5188 plakal\u0131 arac\u0131yla \u0130zmir\u2019in Dikili il\u00e7esi Delikta\u015f mevkiinde seyir halindeyken direksiyon h\u00e2kimiyetini kaybederek \u015farampole yuvarland\u0131 ve olay yerinde hayat\u0131n\u0131 kaybetti. Bu ani kay\u0131p, ba\u015fta Alia\u011fa olmak \u00fczere t\u00fcm sa\u011fl\u0131k camias\u0131nda derin bir \u00fcz\u00fcnt\u00fcye yol a\u00e7t\u0131.<br \/><\/p>\n","protected":false},"excerpt":{"rendered":"<p>Alia\u011fa il\u00e7esinde g\u00f6rev yapt\u0131\u011f\u0131 s\u00fcre boyunca meslek disiplini, g\u00fcler y\u00fcz\u00fc ve insan sevgisiyle herkesin g\u00f6nl\u00fcnde iz b\u0131rakan merhum Dr. Refik Kul, vefat\u0131n\u0131n ard\u0131ndan da unutulmad\u0131. \u0130ki ay \u00f6nce ge\u00e7irdi\u011fi trafik kazas\u0131nda hayat\u0131n\u0131 kaybeden Dr. Refik Kul i\u00e7in mesai arkada\u015flar\u0131 taraf\u0131ndan lokma hayr\u0131 d\u00fczenlendi. 11 No\u2019lu Aile Sa\u011fl\u0131\u011f\u0131 Merkezi \u00f6n\u00fcnde d\u00fczenlenen lokma hayr\u0131na, Alia\u011fa sa\u011fl\u0131k \u00e7al\u0131\u015fanlar\u0131,&#8230;<\/p>\n","protected":false},"author":1,"featured_media":27336,"comment_status":"open","ping_status":"open","sticky":false,"template":"","format":"standard","meta":{"_crdt_document":"","footnotes":""},"categories":[2],"tags":[],"class_list":["post-27335","post","type-post","status-publish","format-standard","has-post-thumbnail","hentry","category-saglik"],"_links":{"self":[{"href":"https:\/\/www.egemtv.com\/index.php?rest_route=\/wp\/v2\/posts\/27335","targetHints":{"allow":["GET"]}}],"collection":[{"href":"https:\/\/www.egemtv.com\/index.php?rest_route=\/wp\/v2\/posts"}],"about":[{"href":"https:\/\/www.egemtv.com\/index.php?rest_route=\/wp\/v2\/types\/post"}],"author":[{"embeddable":true,"href":"https:\/\/www.egemtv.com\/index.php?rest_route=\/wp\/v2\/users\/1"}],"replies":[{"embeddable":true,"href":"https:\/\/www.egemtv.com\/index.php?rest_route=%2Fwp%2Fv2%2Fcomments&post=27335"}],"version-history":[{"count":1,"href":"https:\/\/www.egemtv.com\/index.php?rest_route=\/wp\/v2\/posts\/27335\/revisions"}],"predecessor-version":[{"id":27337,"href":"https:\/\/www.egemtv.com\/index.php?rest_route=\/wp\/v2\/posts\/27335\/revisions\/27337"}],"wp:featuredmedia":[{"embeddable":true,"href":"https:\/\/www.egemtv.com\/index.php?rest_route=\/wp\/v2\/media\/27336"}],"wp:attachment":[{"href":"https:\/\/www.egemtv.com\/index.php?rest_route=%2Fwp%2Fv2%2Fmedia&parent=27335"}],"wp:term":[{"taxonomy":"category","embeddable":true,"href":"https:\/\/www.egemtv.com\/index.php?rest_route=%2Fwp%2Fv2%2Fcategories&post=27335"},{"taxonomy":"post_tag","embeddable":true,"href":"https:\/\/www.egemtv.com\/index.php?rest_route=%2Fwp%2Fv2%2Ftags&post=27335"}],"curies":[{"name":"wp","href":"https:\/\/api.w.org\/{rel}","templated":true}]}}