{"id":27329,"date":"2025-05-09T11:16:44","date_gmt":"2025-05-09T08:16:44","guid":{"rendered":"https:\/\/www.egemtv.com\/?p=27329"},"modified":"2025-05-09T11:16:49","modified_gmt":"2025-05-09T08:16:49","slug":"800-yillik-gelenege-genc-nefes","status":"publish","type":"post","link":"https:\/\/www.egemtv.com\/?p=27329","title":{"rendered":"800 y\u0131ll\u0131k gelene\u011fe gen\u00e7 nefes"},"content":{"rendered":"<p>Denizli\u2019de 800 y\u0131ll\u0131k gelenek yeniden hayat buldu. \u00c7al il\u00e7esinde d\u00fczenlenen M\u0131rtlak etkinli\u011fi ve Rahvan At Yar\u0131\u015flar\u0131 binleri bir araya getirirken, yar\u0131\u015fmalarda T\u00fcrkiye\u2019nin en gen\u00e7 jokeyi 8 ya\u015f\u0131ndaki Hamza Akkaya izleyenleri b\u00fcy\u00fcledi.<\/p>\n<p>Denizli\u2019nin \u00c7al il\u00e7esine ba\u011fl\u0131 Akkent Mahallesi, as\u0131rlard\u0131r s\u00fcregelen M\u0131rtlak \u015eenli\u011fi\u2019ne bu y\u0131l da b\u00fcy\u00fck bir co\u015fkuyla ev sahipli\u011fi yapt\u0131. Ke\u015fkek hayr\u0131, Mevlid-i \u015eerif ve Rahvan At Yar\u0131\u015flar\u0131 gibi etkinliklerle dolu dolu ge\u00e7en g\u00fcnde, k\u00fclt\u00fcrel miras binlerce ki\u015finin kat\u0131l\u0131m\u0131yla bir kez daha hayat buldu. Ger\u00e7ekle\u015fen \u015fenliklerde, Ahmet Hoca T\u00fcrbesi yan\u0131nda 30 kazan ke\u015fkek pi\u015firildi ve dualar e\u015fli\u011finde misafirlere ikram edildi.<\/p>\n<p>Rahvan At yar\u0131\u015flar\u0131nda T\u00fcrkiye\u2019nin en gen\u00e7 jokeyi g\u00f6z kama\u015ft\u0131rd\u0131<br \/>\n<br \/>Etkinli\u011fin en heyecanl\u0131 b\u00f6l\u00fcm\u00fc olan Rahvan At Yar\u0131\u015flar\u0131, bu y\u0131l bir ilke de sahne oldu. Yar\u0131\u015flara kat\u0131lan T\u00fcrkiye\u2019nin en gen\u00e7 jokey 8 ya\u015f\u0131ndaki Hamza Akkaya, ustal\u0131\u011f\u0131 ve \u00f6zg\u00fcveniyle hem protokol\u00fcn hem de izleyicilerin ilgi oda\u011f\u0131 oldu. Yar\u0131\u015f sonunda yap\u0131lan madalya t\u00f6reninde jokeyin, at\u0131yla birlikte protokol\u00fc ve halk\u0131 selamlamas\u0131 alanda b\u00fcy\u00fck alk\u0131\u015f ald\u0131. Bu anlaml\u0131 selam, \u015fenli\u011fe damga vuran anlardan biri oldu. Her kategoride dereceye giren at sahiplerine madalyalar\u0131 takdim edildi. Sahipleriyle birlikte madalya alan atlar, alandaki izleyicilerden b\u00fcy\u00fck alk\u0131\u015f ald\u0131.<\/p>\n<p>D\u00fczenlenen etkinli\u011fe, Denizli B\u00fcy\u00fck\u015fehir Belediye Ba\u015fkan\u0131 B\u00fclent Nuri \u00c7avu\u015fo\u011flu, \u00c7al Kaymakam\u0131 Hatice Gamze Kuran, belediye ba\u015fkanlar\u0131, meclis \u00fcyeleri, mahalle muhtarlar\u0131 ve \u00e7ok say\u0131da vatanda\u015flar kat\u0131ld\u0131.<br \/><\/p>\n","protected":false},"excerpt":{"rendered":"<p>Denizli\u2019de 800 y\u0131ll\u0131k gelenek yeniden hayat buldu. \u00c7al il\u00e7esinde d\u00fczenlenen M\u0131rtlak etkinli\u011fi ve Rahvan At Yar\u0131\u015flar\u0131 binleri bir araya getirirken, yar\u0131\u015fmalarda T\u00fcrkiye\u2019nin en gen\u00e7 jokeyi 8 ya\u015f\u0131ndaki Hamza Akkaya izleyenleri b\u00fcy\u00fcledi. Denizli\u2019nin \u00c7al il\u00e7esine ba\u011fl\u0131 Akkent Mahallesi, as\u0131rlard\u0131r s\u00fcregelen M\u0131rtlak \u015eenli\u011fi\u2019ne bu y\u0131l da b\u00fcy\u00fck bir co\u015fkuyla ev sahipli\u011fi yapt\u0131. Ke\u015fkek hayr\u0131, Mevlid-i \u015eerif ve&#8230;<\/p>\n","protected":false},"author":1,"featured_media":27330,"comment_status":"open","ping_status":"open","sticky":false,"template":"","format":"standard","meta":{"_crdt_document":"","footnotes":""},"categories":[1],"tags":[],"class_list":["post-27329","post","type-post","status-publish","format-standard","has-post-thumbnail","hentry","category-guncel"],"_links":{"self":[{"href":"https:\/\/www.egemtv.com\/index.php?rest_route=\/wp\/v2\/posts\/27329","targetHints":{"allow":["GET"]}}],"collection":[{"href":"https:\/\/www.egemtv.com\/index.php?rest_route=\/wp\/v2\/posts"}],"about":[{"href":"https:\/\/www.egemtv.com\/index.php?rest_route=\/wp\/v2\/types\/post"}],"author":[{"embeddable":true,"href":"https:\/\/www.egemtv.com\/index.php?rest_route=\/wp\/v2\/users\/1"}],"replies":[{"embeddable":true,"href":"https:\/\/www.egemtv.com\/index.php?rest_route=%2Fwp%2Fv2%2Fcomments&post=27329"}],"version-history":[{"count":1,"href":"https:\/\/www.egemtv.com\/index.php?rest_route=\/wp\/v2\/posts\/27329\/revisions"}],"predecessor-version":[{"id":27331,"href":"https:\/\/www.egemtv.com\/index.php?rest_route=\/wp\/v2\/posts\/27329\/revisions\/27331"}],"wp:featuredmedia":[{"embeddable":true,"href":"https:\/\/www.egemtv.com\/index.php?rest_route=\/wp\/v2\/media\/27330"}],"wp:attachment":[{"href":"https:\/\/www.egemtv.com\/index.php?rest_route=%2Fwp%2Fv2%2Fmedia&parent=27329"}],"wp:term":[{"taxonomy":"category","embeddable":true,"href":"https:\/\/www.egemtv.com\/index.php?rest_route=%2Fwp%2Fv2%2Fcategories&post=27329"},{"taxonomy":"post_tag","embeddable":true,"href":"https:\/\/www.egemtv.com\/index.php?rest_route=%2Fwp%2Fv2%2Ftags&post=27329"}],"curies":[{"name":"wp","href":"https:\/\/api.w.org\/{rel}","templated":true}]}}