{"id":27326,"date":"2025-05-09T11:16:39","date_gmt":"2025-05-09T08:16:39","guid":{"rendered":"https:\/\/www.egemtv.com\/?p=27326"},"modified":"2025-05-09T11:16:44","modified_gmt":"2025-05-09T08:16:44","slug":"yunusemreli-minikler-anneler-gununu-kutladi","status":"publish","type":"post","link":"https:\/\/www.egemtv.com\/?p=27326","title":{"rendered":"Yunusemreli minikler Anneler G\u00fcn\u00fc\u2019n\u00fc kutlad\u0131"},"content":{"rendered":"<p>Yunusemre Belediyesi \u00c7ocuk K\u00fclt\u00fcr ve Sanat Merkezi \u00f6\u011frencileri Vak\u0131f Huzurevi sakini annelerin Anneler G\u00fcn\u00fc\u2019n\u00fc kutlad\u0131.<br \/>\n<br \/>Yunusemre Belediyesi \u00c7ocuk K\u00fclt\u00fcr ve Sanat Merkezlerinde \u00f6\u011frenim g\u00f6ren minikler, her y\u0131l may\u0131s ay\u0131n\u0131n 2. pazar g\u00fcn\u00fc kutlanan Anneler G\u00fcn\u00fc\u2019n\u00fc dolay\u0131s\u0131yla anlaml\u0131 bir etkinlik d\u00fczenledi. Vak\u0131f Huzurevi\u2019nde kalan huzurevi sakinlerini ziyaret eden minik \u00f6\u011frenciler, Anneler G\u00fcn\u00fc\u2019n\u00fc kutlad\u0131. Kendi el emekleriyle resmettikleri resimleri huzurevi sakinlerine hediye eden minikler, yanlar\u0131nda getirdikleri \u00e7i\u00e7ekleri de b\u00fcy\u00fcklerine takdim etti. Y\u00fczlerinde tebess\u00fcm olu\u015fan huzurevi sakini anneler ise, miniklerle bir arada mutluluk duyduklar\u0131n\u0131 s\u00f6yledi.<br \/><\/p>\n","protected":false},"excerpt":{"rendered":"<p>Yunusemre Belediyesi \u00c7ocuk K\u00fclt\u00fcr ve Sanat Merkezi \u00f6\u011frencileri Vak\u0131f Huzurevi sakini annelerin Anneler G\u00fcn\u00fc\u2019n\u00fc kutlad\u0131. Yunusemre Belediyesi \u00c7ocuk K\u00fclt\u00fcr ve Sanat Merkezlerinde \u00f6\u011frenim g\u00f6ren minikler, her y\u0131l may\u0131s ay\u0131n\u0131n 2. pazar g\u00fcn\u00fc kutlanan Anneler G\u00fcn\u00fc\u2019n\u00fc dolay\u0131s\u0131yla anlaml\u0131 bir etkinlik d\u00fczenledi. Vak\u0131f Huzurevi\u2019nde kalan huzurevi sakinlerini ziyaret eden minik \u00f6\u011frenciler, Anneler G\u00fcn\u00fc\u2019n\u00fc kutlad\u0131. Kendi el emekleriyle&#8230;<\/p>\n","protected":false},"author":1,"featured_media":27327,"comment_status":"open","ping_status":"open","sticky":false,"template":"","format":"standard","meta":{"_crdt_document":"","footnotes":""},"categories":[1],"tags":[],"class_list":["post-27326","post","type-post","status-publish","format-standard","has-post-thumbnail","hentry","category-guncel"],"_links":{"self":[{"href":"https:\/\/www.egemtv.com\/index.php?rest_route=\/wp\/v2\/posts\/27326","targetHints":{"allow":["GET"]}}],"collection":[{"href":"https:\/\/www.egemtv.com\/index.php?rest_route=\/wp\/v2\/posts"}],"about":[{"href":"https:\/\/www.egemtv.com\/index.php?rest_route=\/wp\/v2\/types\/post"}],"author":[{"embeddable":true,"href":"https:\/\/www.egemtv.com\/index.php?rest_route=\/wp\/v2\/users\/1"}],"replies":[{"embeddable":true,"href":"https:\/\/www.egemtv.com\/index.php?rest_route=%2Fwp%2Fv2%2Fcomments&post=27326"}],"version-history":[{"count":1,"href":"https:\/\/www.egemtv.com\/index.php?rest_route=\/wp\/v2\/posts\/27326\/revisions"}],"predecessor-version":[{"id":27328,"href":"https:\/\/www.egemtv.com\/index.php?rest_route=\/wp\/v2\/posts\/27326\/revisions\/27328"}],"wp:featuredmedia":[{"embeddable":true,"href":"https:\/\/www.egemtv.com\/index.php?rest_route=\/wp\/v2\/media\/27327"}],"wp:attachment":[{"href":"https:\/\/www.egemtv.com\/index.php?rest_route=%2Fwp%2Fv2%2Fmedia&parent=27326"}],"wp:term":[{"taxonomy":"category","embeddable":true,"href":"https:\/\/www.egemtv.com\/index.php?rest_route=%2Fwp%2Fv2%2Fcategories&post=27326"},{"taxonomy":"post_tag","embeddable":true,"href":"https:\/\/www.egemtv.com\/index.php?rest_route=%2Fwp%2Fv2%2Ftags&post=27326"}],"curies":[{"name":"wp","href":"https:\/\/api.w.org\/{rel}","templated":true}]}}