{"id":27323,"date":"2025-05-09T11:16:35","date_gmt":"2025-05-09T08:16:35","guid":{"rendered":"https:\/\/www.egemtv.com\/?p=27323"},"modified":"2025-05-09T11:16:39","modified_gmt":"2025-05-09T08:16:39","slug":"ogrencilere-sinav-kaygisi-ve-motivasyon-semineri","status":"publish","type":"post","link":"https:\/\/www.egemtv.com\/?p=27323","title":{"rendered":"\u00d6\u011frencilere \u2019S\u0131nav kayg\u0131s\u0131 ve motivasyon\u2019 semineri"},"content":{"rendered":"<p>Sar\u0131g\u00f6l \u0130l\u00e7e Milli E\u011fitim M\u00fcd\u00fcrl\u00fc\u011f\u00fc taraf\u0131ndan lise ve \u00fcniversiteye haz\u0131rlanan \u00f6\u011frenciler i\u00e7in stres ve s\u0131nav kayg\u0131s\u0131n\u0131 azaltmaya y\u00f6nelik olarak &#8220;S\u0131nav Kayg\u0131s\u0131 ve Motivasyon Semineri&#8221; d\u00fczenlendi.<br \/>\n<br \/>D\u00fczenlenen &#8220;S\u0131nav Kayg\u0131s\u0131 ve Motivasyon&#8221; semineri \u00f6\u011frencilerin daha g\u00fcvenli ve sa\u011fl\u0131kl\u0131 bir s\u0131nav s\u00fcreci ge\u00e7irmelerine imkan tan\u0131d\u0131.<br \/>\n<br \/>T\u00fcrk Psikologlar Derne\u011fi \u0130zmir \u015eubesi \u00fcyesi Psikolog Bet\u00fcl Dikkaya taraf\u0131ndan verilen seminere \u00f6\u011frencilerin ilgisi yo\u011fun oldu. Semineri \u00f6\u011frencilerin yan\u0131 s\u0131ra veliler de yak\u0131ndan takip etti.<br \/>\n<br \/>Seminer sonunda Sar\u0131g\u00f6l \u0130l\u00e7e Milli E\u011fitim M\u00fcd\u00fcr\u00fc Cezmi Y\u0131ld\u0131rak, Bet\u00fck Dikkaya\u2019ya plaket takdim ederek verdi\u011fi de\u011ferli bilgiler i\u00e7in te\u015fekk\u00fcr etti.<br \/><\/p>\n","protected":false},"excerpt":{"rendered":"<p>Sar\u0131g\u00f6l \u0130l\u00e7e Milli E\u011fitim M\u00fcd\u00fcrl\u00fc\u011f\u00fc taraf\u0131ndan lise ve \u00fcniversiteye haz\u0131rlanan \u00f6\u011frenciler i\u00e7in stres ve s\u0131nav kayg\u0131s\u0131n\u0131 azaltmaya y\u00f6nelik olarak &#8220;S\u0131nav Kayg\u0131s\u0131 ve Motivasyon Semineri&#8221; d\u00fczenlendi. D\u00fczenlenen &#8220;S\u0131nav Kayg\u0131s\u0131 ve Motivasyon&#8221; semineri \u00f6\u011frencilerin daha g\u00fcvenli ve sa\u011fl\u0131kl\u0131 bir s\u0131nav s\u00fcreci ge\u00e7irmelerine imkan tan\u0131d\u0131. T\u00fcrk Psikologlar Derne\u011fi \u0130zmir \u015eubesi \u00fcyesi Psikolog Bet\u00fcl Dikkaya taraf\u0131ndan verilen seminere \u00f6\u011frencilerin&#8230;<\/p>\n","protected":false},"author":1,"featured_media":27324,"comment_status":"open","ping_status":"open","sticky":false,"template":"","format":"standard","meta":{"_crdt_document":"","footnotes":""},"categories":[1],"tags":[],"class_list":["post-27323","post","type-post","status-publish","format-standard","has-post-thumbnail","hentry","category-guncel"],"_links":{"self":[{"href":"https:\/\/www.egemtv.com\/index.php?rest_route=\/wp\/v2\/posts\/27323","targetHints":{"allow":["GET"]}}],"collection":[{"href":"https:\/\/www.egemtv.com\/index.php?rest_route=\/wp\/v2\/posts"}],"about":[{"href":"https:\/\/www.egemtv.com\/index.php?rest_route=\/wp\/v2\/types\/post"}],"author":[{"embeddable":true,"href":"https:\/\/www.egemtv.com\/index.php?rest_route=\/wp\/v2\/users\/1"}],"replies":[{"embeddable":true,"href":"https:\/\/www.egemtv.com\/index.php?rest_route=%2Fwp%2Fv2%2Fcomments&post=27323"}],"version-history":[{"count":1,"href":"https:\/\/www.egemtv.com\/index.php?rest_route=\/wp\/v2\/posts\/27323\/revisions"}],"predecessor-version":[{"id":27325,"href":"https:\/\/www.egemtv.com\/index.php?rest_route=\/wp\/v2\/posts\/27323\/revisions\/27325"}],"wp:featuredmedia":[{"embeddable":true,"href":"https:\/\/www.egemtv.com\/index.php?rest_route=\/wp\/v2\/media\/27324"}],"wp:attachment":[{"href":"https:\/\/www.egemtv.com\/index.php?rest_route=%2Fwp%2Fv2%2Fmedia&parent=27323"}],"wp:term":[{"taxonomy":"category","embeddable":true,"href":"https:\/\/www.egemtv.com\/index.php?rest_route=%2Fwp%2Fv2%2Fcategories&post=27323"},{"taxonomy":"post_tag","embeddable":true,"href":"https:\/\/www.egemtv.com\/index.php?rest_route=%2Fwp%2Fv2%2Ftags&post=27323"}],"curies":[{"name":"wp","href":"https:\/\/api.w.org\/{rel}","templated":true}]}}