{"id":27320,"date":"2025-05-09T10:56:25","date_gmt":"2025-05-09T07:56:25","guid":{"rendered":"https:\/\/www.egemtv.com\/?p=27320"},"modified":"2025-05-09T10:56:30","modified_gmt":"2025-05-09T07:56:30","slug":"denizlili-firmalar-ticaret-musavirleriyle-birebir-gorustu","status":"publish","type":"post","link":"https:\/\/www.egemtv.com\/?p=27320","title":{"rendered":"Denizlili firmalar ticaret m\u00fc\u015favirleriyle birebir g\u00f6r\u00fc\u015ft\u00fc"},"content":{"rendered":"<p>DEN\u0130ZL\u0130 (\u0130HA) \u2013 Denizli\u2019de ger\u00e7ekle\u015ftirilen ticaret m\u00fc\u015favirleriyle birebir g\u00f6r\u00fc\u015fme etkinli\u011finde, 40 firma yeni pazarlar i\u00e7in 120\u2019nin \u00fczerinde stratejik g\u00f6r\u00fc\u015fme yapt\u0131.<\/p>\n<p>Ticaret Bakanl\u0131\u011f\u0131 koordinasyonu ve Birli\u011fimiz organizasyonunda, ge\u00e7mi\u015f d\u00f6nem Ticaret M\u00fc\u015favirleri ve Ata\u015feleri ile firmalar\u0131 bir araya getiren birebir g\u00f6r\u00fc\u015fme etkinli\u011fi Denizli\u2019de ger\u00e7ekle\u015ftirildi.<\/p>\n<p>S\u00f6z konusu program ile ilgili de\u011ferlendirmelerde bulunan DEN\u0130B Ba\u015fkan\u0131 H\u00fcseyin Memi\u015fo\u011flu \u015funlar\u0131 s\u00f6yledi:<br \/>\n<br \/>&#8220;Denizli \u0130hracat\u00e7\u0131lar Birli\u011fi (DEN\u0130B) olarak, ihracat\u00e7\u0131lar\u0131m\u0131z\u0131n k\u00fcresel pazarlarda daha etkin rol alabilmesi i\u00e7in \u00e7e\u015fitli faaliyetler d\u00fczenlemeye devam ediyoruz. Ge\u00e7en sene ilkini d\u00fczenledi\u011fimiz Ticaret M\u00fc\u015favirleri ile Birebir G\u00f6r\u00fc\u015fmeler etkinli\u011fimize ilgi olduk\u00e7a y\u00fcksekti. Bu sene de ayn\u0131 organizasyonu farkl\u0131 \u00fclkelerde g\u00f6rev yapm\u0131\u015f \u015fu anda bakanl\u0131\u011f\u0131m\u0131z\u0131n merkez te\u015fkilat\u0131nda g\u00f6revlerini s\u00fcrd\u00fcren ticaret m\u00fc\u015favirlerimiz ve ata\u015felerimizle tekrar d\u00fczenledik. Etkinli\u011fimize tekstil, do\u011fal ta\u015f, tar\u0131m, makine, kozmetik gibi \u00e7e\u015fitli sekt\u00f6rlerde faaliyet g\u00f6steren 40 firma kat\u0131l\u0131m g\u00f6sterdi. G\u00fcn boyunca 120\u2019nin \u00fczerinde birebir g\u00f6r\u00fc\u015fme sa\u011fland\u0131. Bu g\u00f6r\u00fc\u015fmeler sayesinde, firmalar\u0131m\u0131z mevcut ve hedef pazarlar\u0131na ili\u015fkin ilk elden bilgi edinme ve do\u011frudan dan\u0131\u015fma imkan\u0131 buldu. ABD, Fas, G\u00fcney Kore, Hindistan, \u0130talya, Karada\u011f, Kosova, M\u0131s\u0131r, \u015eili ve Uganda\u2019da hizmet vermi\u015f deneyimli Ticaret M\u00fc\u015favirleri ve Ata\u015felerimiz, g\u00f6rev yapt\u0131klar\u0131 \u00fclkelerdeki ticaret ortam\u0131n\u0131, pazar yap\u0131s\u0131n\u0131, sekt\u00f6r f\u0131rsatlar\u0131n\u0131 ve ihracat s\u00fcrecinde dikkat edilmesi gereken hususlar\u0131 firmalar\u0131m\u0131zla payla\u015ft\u0131lar&#8221;<\/p>\n<p>&#8220;Bu t\u00fcr etkinlikleri sadece bir bilgi aktar\u0131m\u0131 de\u011fil, ayn\u0131 zamanda stratejik bir i\u015fbirli\u011fi zemini olarak g\u00f6r\u00fcyoruz&#8221; diyen Memi\u015fo\u011flu, &#8220;Ticaret M\u00fc\u015favirlerimizin sahada edindi\u011fi tecr\u00fcbenin, ihracat\u00e7\u0131lar\u0131m\u0131z\u0131n yol haritalar\u0131n\u0131 belirlemede \u00f6nemli bir katk\u0131 sunuyor. Bug\u00fcn yap\u0131lan g\u00f6r\u00fc\u015fmelerin, \u00f6n\u00fcm\u00fczdeki d\u00f6nemde yeni i\u015f ba\u011flant\u0131lar\u0131na ve ba\u015far\u0131l\u0131 ihracat hikayelerine d\u00f6n\u00fc\u015fmesini temenni ediyorum. \u0130hracat\u00e7\u0131lar\u0131m\u0131z\u0131n uluslararas\u0131 rekabette g\u00fc\u00e7l\u00fc kalabilmesi i\u00e7in bilgiye eri\u015fimini kolayla\u015ft\u0131rmak, rehberlik sa\u011flamak ve farkl\u0131 pazarlar hakk\u0131nda fark\u0131ndal\u0131k olu\u015fturmak DEN\u0130B olarak \u00f6ncelikli hedeflerimiz aras\u0131nda yer al\u0131yor. Bu do\u011frultuda ger\u00e7ekle\u015ftirdi\u011fimiz bu bulu\u015fman\u0131n hem firmalar\u0131m\u0131z hem de \u00fclkemiz ekonomisi ad\u0131na verimli \u00e7\u0131kt\u0131lar sa\u011flayaca\u011f\u0131na y\u00fcrekten inan\u0131yorum. Ba\u015fta Ticaret Bakanl\u0131\u011f\u0131m\u0131z olmak \u00fczere, de\u011ferli bilgi ve deneyimlerini payla\u015fan Ticaret M\u00fc\u015favirlerimize ve Ata\u015felerimize te\u015fekk\u00fcr ediyor, kendilerini ilimizde a\u011f\u0131rlamaktan onur duydu\u011fumuzu belirtmek istiyorum&#8221;<br \/><\/p>\n","protected":false},"excerpt":{"rendered":"<p>DEN\u0130ZL\u0130 (\u0130HA) \u2013 Denizli\u2019de ger\u00e7ekle\u015ftirilen ticaret m\u00fc\u015favirleriyle birebir g\u00f6r\u00fc\u015fme etkinli\u011finde, 40 firma yeni pazarlar i\u00e7in 120\u2019nin \u00fczerinde stratejik g\u00f6r\u00fc\u015fme yapt\u0131. Ticaret Bakanl\u0131\u011f\u0131 koordinasyonu ve Birli\u011fimiz organizasyonunda, ge\u00e7mi\u015f d\u00f6nem Ticaret M\u00fc\u015favirleri ve Ata\u015feleri ile firmalar\u0131 bir araya getiren birebir g\u00f6r\u00fc\u015fme etkinli\u011fi Denizli\u2019de ger\u00e7ekle\u015ftirildi. S\u00f6z konusu program ile ilgili de\u011ferlendirmelerde bulunan DEN\u0130B Ba\u015fkan\u0131 H\u00fcseyin Memi\u015fo\u011flu \u015funlar\u0131 s\u00f6yledi:&#8230;<\/p>\n","protected":false},"author":1,"featured_media":27321,"comment_status":"open","ping_status":"open","sticky":false,"template":"","format":"standard","meta":{"_crdt_document":"","footnotes":""},"categories":[125],"tags":[],"class_list":["post-27320","post","type-post","status-publish","format-standard","has-post-thumbnail","hentry","category-ekonomi"],"_links":{"self":[{"href":"https:\/\/www.egemtv.com\/index.php?rest_route=\/wp\/v2\/posts\/27320","targetHints":{"allow":["GET"]}}],"collection":[{"href":"https:\/\/www.egemtv.com\/index.php?rest_route=\/wp\/v2\/posts"}],"about":[{"href":"https:\/\/www.egemtv.com\/index.php?rest_route=\/wp\/v2\/types\/post"}],"author":[{"embeddable":true,"href":"https:\/\/www.egemtv.com\/index.php?rest_route=\/wp\/v2\/users\/1"}],"replies":[{"embeddable":true,"href":"https:\/\/www.egemtv.com\/index.php?rest_route=%2Fwp%2Fv2%2Fcomments&post=27320"}],"version-history":[{"count":1,"href":"https:\/\/www.egemtv.com\/index.php?rest_route=\/wp\/v2\/posts\/27320\/revisions"}],"predecessor-version":[{"id":27322,"href":"https:\/\/www.egemtv.com\/index.php?rest_route=\/wp\/v2\/posts\/27320\/revisions\/27322"}],"wp:featuredmedia":[{"embeddable":true,"href":"https:\/\/www.egemtv.com\/index.php?rest_route=\/wp\/v2\/media\/27321"}],"wp:attachment":[{"href":"https:\/\/www.egemtv.com\/index.php?rest_route=%2Fwp%2Fv2%2Fmedia&parent=27320"}],"wp:term":[{"taxonomy":"category","embeddable":true,"href":"https:\/\/www.egemtv.com\/index.php?rest_route=%2Fwp%2Fv2%2Fcategories&post=27320"},{"taxonomy":"post_tag","embeddable":true,"href":"https:\/\/www.egemtv.com\/index.php?rest_route=%2Fwp%2Fv2%2Ftags&post=27320"}],"curies":[{"name":"wp","href":"https:\/\/api.w.org\/{rel}","templated":true}]}}