{"id":27317,"date":"2025-05-09T10:56:20","date_gmt":"2025-05-09T07:56:20","guid":{"rendered":"https:\/\/www.egemtv.com\/?p=27317"},"modified":"2025-05-09T10:56:25","modified_gmt":"2025-05-09T07:56:25","slug":"uyusturucu-sucundan-aranan-sahis-kusadasinda-yakalandi","status":"publish","type":"post","link":"https:\/\/www.egemtv.com\/?p=27317","title":{"rendered":"Uyu\u015fturucu su\u00e7undan aranan \u015fah\u0131s Ku\u015fadas\u0131\u2019nda yakaland\u0131"},"content":{"rendered":"<p>Ayd\u0131n\u2019\u0131n Ku\u015fadas\u0131 il\u00e7esinde uyu\u015fturucu su\u00e7undan aranan \u015fah\u0131s, jandarma ekiplerince k\u0131sk\u0131vrak yakaland\u0131.<\/p>\n<p>Ku\u015fadas\u0131 \u0130l\u00e7e Jandarma Komutanl\u0131\u011f\u0131nca aranan bir \u015fahs\u0131n yakalanmas\u0131na y\u00f6nelik \u00e7al\u0131\u015fma ger\u00e7ekle\u015ftirdi. Edinilen bilgiye g\u00f6re &#8220;Kullanmak \u0130\u00e7in Uyu\u015fturucu Veya Uyar\u0131c\u0131 Madde Sat\u0131n Almak, Kabul Etmek, Bulundurmak ve Kullanmak&#8221; su\u00e7undan aranan ve hakk\u0131nda 17 y\u0131l 10 ay 26 g\u00fcn hapis cezas\u0131 bulunan M.G. isimli \u015f\u00fcpheli \u015fah\u0131s jandarma ekiplerince k\u0131sk\u0131vrak yakaland\u0131. G\u00f6zalt\u0131na al\u0131nan \u015fah\u0131s gerekli i\u015flemlerinin ard\u0131ndan sevk edildi\u011fi adli makamlarca tutuklanarak cezaevine g\u00f6nderildi.<br \/><\/p>\n","protected":false},"excerpt":{"rendered":"<p>Ayd\u0131n\u2019\u0131n Ku\u015fadas\u0131 il\u00e7esinde uyu\u015fturucu su\u00e7undan aranan \u015fah\u0131s, jandarma ekiplerince k\u0131sk\u0131vrak yakaland\u0131. Ku\u015fadas\u0131 \u0130l\u00e7e Jandarma Komutanl\u0131\u011f\u0131nca aranan bir \u015fahs\u0131n yakalanmas\u0131na y\u00f6nelik \u00e7al\u0131\u015fma ger\u00e7ekle\u015ftirdi. Edinilen bilgiye g\u00f6re &#8220;Kullanmak \u0130\u00e7in Uyu\u015fturucu Veya Uyar\u0131c\u0131 Madde Sat\u0131n Almak, Kabul Etmek, Bulundurmak ve Kullanmak&#8221; su\u00e7undan aranan ve hakk\u0131nda 17 y\u0131l 10 ay 26 g\u00fcn hapis cezas\u0131 bulunan M.G. isimli \u015f\u00fcpheli \u015fah\u0131s&#8230;<\/p>\n","protected":false},"author":1,"featured_media":27318,"comment_status":"open","ping_status":"open","sticky":false,"template":"","format":"standard","meta":{"_crdt_document":"","footnotes":""},"categories":[5],"tags":[],"class_list":["post-27317","post","type-post","status-publish","format-standard","has-post-thumbnail","hentry","category-asayis"],"_links":{"self":[{"href":"https:\/\/www.egemtv.com\/index.php?rest_route=\/wp\/v2\/posts\/27317","targetHints":{"allow":["GET"]}}],"collection":[{"href":"https:\/\/www.egemtv.com\/index.php?rest_route=\/wp\/v2\/posts"}],"about":[{"href":"https:\/\/www.egemtv.com\/index.php?rest_route=\/wp\/v2\/types\/post"}],"author":[{"embeddable":true,"href":"https:\/\/www.egemtv.com\/index.php?rest_route=\/wp\/v2\/users\/1"}],"replies":[{"embeddable":true,"href":"https:\/\/www.egemtv.com\/index.php?rest_route=%2Fwp%2Fv2%2Fcomments&post=27317"}],"version-history":[{"count":1,"href":"https:\/\/www.egemtv.com\/index.php?rest_route=\/wp\/v2\/posts\/27317\/revisions"}],"predecessor-version":[{"id":27319,"href":"https:\/\/www.egemtv.com\/index.php?rest_route=\/wp\/v2\/posts\/27317\/revisions\/27319"}],"wp:featuredmedia":[{"embeddable":true,"href":"https:\/\/www.egemtv.com\/index.php?rest_route=\/wp\/v2\/media\/27318"}],"wp:attachment":[{"href":"https:\/\/www.egemtv.com\/index.php?rest_route=%2Fwp%2Fv2%2Fmedia&parent=27317"}],"wp:term":[{"taxonomy":"category","embeddable":true,"href":"https:\/\/www.egemtv.com\/index.php?rest_route=%2Fwp%2Fv2%2Fcategories&post=27317"},{"taxonomy":"post_tag","embeddable":true,"href":"https:\/\/www.egemtv.com\/index.php?rest_route=%2Fwp%2Fv2%2Ftags&post=27317"}],"curies":[{"name":"wp","href":"https:\/\/api.w.org\/{rel}","templated":true}]}}