{"id":27314,"date":"2025-05-09T10:56:15","date_gmt":"2025-05-09T07:56:15","guid":{"rendered":"https:\/\/www.egemtv.com\/?p=27314"},"modified":"2025-05-09T10:56:20","modified_gmt":"2025-05-09T07:56:20","slug":"afyonkarahisarin-asayis-tedbirleri-ele-alindi","status":"publish","type":"post","link":"https:\/\/www.egemtv.com\/?p=27314","title":{"rendered":"Afyonkarahisar\u2019\u0131n asayi\u015f tedbirleri ele al\u0131nd\u0131"},"content":{"rendered":"<p>Afyonkarahisar Vali Vekili Mehmet Keklik, \u0130l Emniyet M\u00fcd\u00fcr\u00fc Ahmet Birtan Erol ve \u0130l Jandarma Komutan\u0131 Albay Tolga Ya\u011fan, \u0130\u00e7i\u015fleri Bakan\u0131 Ali Yerlikaya ba\u015fkanl\u0131\u011f\u0131nda ger\u00e7ekle\u015ftirilen video konferans toplant\u0131s\u0131na kat\u0131ld\u0131. Toplant\u0131da Afyonkarahisar\u2019\u0131n asayi\u015fi de\u011ferlendirildi.<br \/>\n<br \/>81 ilde e\u015f zamanl\u0131 olarak d\u00fczenlenen toplant\u0131, Video Konferans Sistemi (VKS) arac\u0131l\u0131\u011f\u0131yla ger\u00e7ekle\u015ftirildi. Toplant\u0131da, \u00fclke genelinde g\u00fcvenlik ve asayi\u015fe dair mevcut durum de\u011ferlendirilirken, \u00f6n\u00fcm\u00fczdeki d\u00f6nemde al\u0131nmas\u0131 planlanan tedbirler de ele al\u0131nd\u0131. Afyonkarahisar\u2019da da kamu d\u00fczeninin sa\u011flanmas\u0131na y\u00f6nelik \u00e7al\u0131\u015fmalar\u0131n devam edece\u011fi belirtildi.<br \/><\/p>\n","protected":false},"excerpt":{"rendered":"<p>Afyonkarahisar Vali Vekili Mehmet Keklik, \u0130l Emniyet M\u00fcd\u00fcr\u00fc Ahmet Birtan Erol ve \u0130l Jandarma Komutan\u0131 Albay Tolga Ya\u011fan, \u0130\u00e7i\u015fleri Bakan\u0131 Ali Yerlikaya ba\u015fkanl\u0131\u011f\u0131nda ger\u00e7ekle\u015ftirilen video konferans toplant\u0131s\u0131na kat\u0131ld\u0131. Toplant\u0131da Afyonkarahisar\u2019\u0131n asayi\u015fi de\u011ferlendirildi. 81 ilde e\u015f zamanl\u0131 olarak d\u00fczenlenen toplant\u0131, Video Konferans Sistemi (VKS) arac\u0131l\u0131\u011f\u0131yla ger\u00e7ekle\u015ftirildi. Toplant\u0131da, \u00fclke genelinde g\u00fcvenlik ve asayi\u015fe dair mevcut durum de\u011ferlendirilirken,&#8230;<\/p>\n","protected":false},"author":1,"featured_media":27315,"comment_status":"open","ping_status":"open","sticky":false,"template":"","format":"standard","meta":{"_crdt_document":"","footnotes":""},"categories":[5],"tags":[],"class_list":["post-27314","post","type-post","status-publish","format-standard","has-post-thumbnail","hentry","category-asayis"],"_links":{"self":[{"href":"https:\/\/www.egemtv.com\/index.php?rest_route=\/wp\/v2\/posts\/27314","targetHints":{"allow":["GET"]}}],"collection":[{"href":"https:\/\/www.egemtv.com\/index.php?rest_route=\/wp\/v2\/posts"}],"about":[{"href":"https:\/\/www.egemtv.com\/index.php?rest_route=\/wp\/v2\/types\/post"}],"author":[{"embeddable":true,"href":"https:\/\/www.egemtv.com\/index.php?rest_route=\/wp\/v2\/users\/1"}],"replies":[{"embeddable":true,"href":"https:\/\/www.egemtv.com\/index.php?rest_route=%2Fwp%2Fv2%2Fcomments&post=27314"}],"version-history":[{"count":1,"href":"https:\/\/www.egemtv.com\/index.php?rest_route=\/wp\/v2\/posts\/27314\/revisions"}],"predecessor-version":[{"id":27316,"href":"https:\/\/www.egemtv.com\/index.php?rest_route=\/wp\/v2\/posts\/27314\/revisions\/27316"}],"wp:featuredmedia":[{"embeddable":true,"href":"https:\/\/www.egemtv.com\/index.php?rest_route=\/wp\/v2\/media\/27315"}],"wp:attachment":[{"href":"https:\/\/www.egemtv.com\/index.php?rest_route=%2Fwp%2Fv2%2Fmedia&parent=27314"}],"wp:term":[{"taxonomy":"category","embeddable":true,"href":"https:\/\/www.egemtv.com\/index.php?rest_route=%2Fwp%2Fv2%2Fcategories&post=27314"},{"taxonomy":"post_tag","embeddable":true,"href":"https:\/\/www.egemtv.com\/index.php?rest_route=%2Fwp%2Fv2%2Ftags&post=27314"}],"curies":[{"name":"wp","href":"https:\/\/api.w.org\/{rel}","templated":true}]}}