{"id":27311,"date":"2025-05-09T10:56:12","date_gmt":"2025-05-09T07:56:12","guid":{"rendered":"https:\/\/www.egemtv.com\/?p=27311"},"modified":"2025-05-09T10:56:15","modified_gmt":"2025-05-09T07:56:15","slug":"kaymakam-aslandan-tasoluk-aile-sagligi-merkezine-ziyaret","status":"publish","type":"post","link":"https:\/\/www.egemtv.com\/?p=27311","title":{"rendered":"Kaymakam Aslan\u2019dan Ta\u015foluk Aile Sa\u011fl\u0131\u011f\u0131 Merkezi\u2019ne ziyaret"},"content":{"rendered":"<p>Afyonkarahisar Sinanpa\u015fa Kaymakam\u0131 Emrah Aslan, Ta\u015foluk Aile Sa\u011fl\u0131\u011f\u0131 Merkezi\u2019ni ziyaret ederek merkezde y\u00fcr\u00fct\u00fclen sa\u011fl\u0131k hizmetleri hakk\u0131nda bilgi ald\u0131.<br \/>\n<br \/>Ziyaret s\u0131ras\u0131nda vatanda\u015flar taraf\u0131ndan sevilen, mesle\u011fini \u00f6zveriyle ve a\u015fkla icra eden Dr. Erhan Ba\u015f ve Ebe Sultan \u00d6zkan Sucu\u2019ya te\u015fekk\u00fcr edildi. Kaymakam Aslan, sa\u011fl\u0131k hizmetlerinin toplumun temel ihtiya\u00e7lar\u0131ndan biri oldu\u011funu vurgulayarak, &#8220;Vatanda\u015flar\u0131m\u0131z\u0131n memnuniyeti ve sa\u011fl\u0131\u011f\u0131 bizler i\u00e7in her \u015feyden \u00f6nemli. Aile sa\u011fl\u0131\u011f\u0131 merkezlerimiz, bireylerin ilk ba\u015fvuru noktas\u0131 olmas\u0131 a\u00e7\u0131s\u0131ndan b\u00fcy\u00fck \u00f6nem ta\u015f\u0131yor. G\u00f6revlerini \u00f6zveriyle y\u00fcr\u00fcten t\u00fcm sa\u011fl\u0131k \u00e7al\u0131\u015fanlar\u0131m\u0131za te\u015fekk\u00fcr ediyorum&#8221; ifadelerini kulland\u0131.<br \/><\/p>\n","protected":false},"excerpt":{"rendered":"<p>Afyonkarahisar Sinanpa\u015fa Kaymakam\u0131 Emrah Aslan, Ta\u015foluk Aile Sa\u011fl\u0131\u011f\u0131 Merkezi\u2019ni ziyaret ederek merkezde y\u00fcr\u00fct\u00fclen sa\u011fl\u0131k hizmetleri hakk\u0131nda bilgi ald\u0131. Ziyaret s\u0131ras\u0131nda vatanda\u015flar taraf\u0131ndan sevilen, mesle\u011fini \u00f6zveriyle ve a\u015fkla icra eden Dr. Erhan Ba\u015f ve Ebe Sultan \u00d6zkan Sucu\u2019ya te\u015fekk\u00fcr edildi. Kaymakam Aslan, sa\u011fl\u0131k hizmetlerinin toplumun temel ihtiya\u00e7lar\u0131ndan biri oldu\u011funu vurgulayarak, &#8220;Vatanda\u015flar\u0131m\u0131z\u0131n memnuniyeti ve sa\u011fl\u0131\u011f\u0131 bizler i\u00e7in&#8230;<\/p>\n","protected":false},"author":1,"featured_media":27312,"comment_status":"open","ping_status":"open","sticky":false,"template":"","format":"standard","meta":{"_crdt_document":"","footnotes":""},"categories":[1],"tags":[],"class_list":["post-27311","post","type-post","status-publish","format-standard","has-post-thumbnail","hentry","category-guncel"],"_links":{"self":[{"href":"https:\/\/www.egemtv.com\/index.php?rest_route=\/wp\/v2\/posts\/27311","targetHints":{"allow":["GET"]}}],"collection":[{"href":"https:\/\/www.egemtv.com\/index.php?rest_route=\/wp\/v2\/posts"}],"about":[{"href":"https:\/\/www.egemtv.com\/index.php?rest_route=\/wp\/v2\/types\/post"}],"author":[{"embeddable":true,"href":"https:\/\/www.egemtv.com\/index.php?rest_route=\/wp\/v2\/users\/1"}],"replies":[{"embeddable":true,"href":"https:\/\/www.egemtv.com\/index.php?rest_route=%2Fwp%2Fv2%2Fcomments&post=27311"}],"version-history":[{"count":1,"href":"https:\/\/www.egemtv.com\/index.php?rest_route=\/wp\/v2\/posts\/27311\/revisions"}],"predecessor-version":[{"id":27313,"href":"https:\/\/www.egemtv.com\/index.php?rest_route=\/wp\/v2\/posts\/27311\/revisions\/27313"}],"wp:featuredmedia":[{"embeddable":true,"href":"https:\/\/www.egemtv.com\/index.php?rest_route=\/wp\/v2\/media\/27312"}],"wp:attachment":[{"href":"https:\/\/www.egemtv.com\/index.php?rest_route=%2Fwp%2Fv2%2Fmedia&parent=27311"}],"wp:term":[{"taxonomy":"category","embeddable":true,"href":"https:\/\/www.egemtv.com\/index.php?rest_route=%2Fwp%2Fv2%2Fcategories&post=27311"},{"taxonomy":"post_tag","embeddable":true,"href":"https:\/\/www.egemtv.com\/index.php?rest_route=%2Fwp%2Fv2%2Ftags&post=27311"}],"curies":[{"name":"wp","href":"https:\/\/api.w.org\/{rel}","templated":true}]}}