{"id":27308,"date":"2025-05-09T10:56:06","date_gmt":"2025-05-09T07:56:06","guid":{"rendered":"https:\/\/www.egemtv.com\/?p=27308"},"modified":"2025-05-09T10:56:12","modified_gmt":"2025-05-09T07:56:12","slug":"yavru-kargaya-jandarma-sefkati","status":"publish","type":"post","link":"https:\/\/www.egemtv.com\/?p=27308","title":{"rendered":"Yavru kargaya jandarma \u015fefkati"},"content":{"rendered":"<p>Ayd\u0131n\u2019\u0131n Efeler il\u00e7esinde jandarma taraf\u0131ndan yaral\u0131 halde bulunan yavru karga tedavisi i\u00e7in do\u011fa koruma ekiplerine teslim edildi.<br \/>\n<br \/>\u0130l Jandarma Komutanl\u0131\u011f\u0131 \u00c7evre ve Hayvanlar\u0131 Koruma Timi (HAYD\u0130) taraf\u0131ndan Efeler Dani\u015fment Mahallesi\u2019nde yaral\u0131 halde bulunan yavru karga cinsi ku\u015f tedavi ve rehabilite edilerek tekrardan do\u011fal ya\u015fam alan\u0131na b\u0131rak\u0131lmas\u0131 i\u00e7in Do\u011fa Koruma ve Milli Parklar M\u00fcd\u00fcrl\u00fc\u011f\u00fc ekiplerine teslim edildi.<br \/><\/p>\n","protected":false},"excerpt":{"rendered":"<p>Ayd\u0131n\u2019\u0131n Efeler il\u00e7esinde jandarma taraf\u0131ndan yaral\u0131 halde bulunan yavru karga tedavisi i\u00e7in do\u011fa koruma ekiplerine teslim edildi. \u0130l Jandarma Komutanl\u0131\u011f\u0131 \u00c7evre ve Hayvanlar\u0131 Koruma Timi (HAYD\u0130) taraf\u0131ndan Efeler Dani\u015fment Mahallesi\u2019nde yaral\u0131 halde bulunan yavru karga cinsi ku\u015f tedavi ve rehabilite edilerek tekrardan do\u011fal ya\u015fam alan\u0131na b\u0131rak\u0131lmas\u0131 i\u00e7in Do\u011fa Koruma ve Milli Parklar M\u00fcd\u00fcrl\u00fc\u011f\u00fc ekiplerine teslim&#8230;<\/p>\n","protected":false},"author":1,"featured_media":27309,"comment_status":"open","ping_status":"open","sticky":false,"template":"","format":"standard","meta":{"_crdt_document":"","footnotes":""},"categories":[1],"tags":[],"class_list":["post-27308","post","type-post","status-publish","format-standard","has-post-thumbnail","hentry","category-guncel"],"_links":{"self":[{"href":"https:\/\/www.egemtv.com\/index.php?rest_route=\/wp\/v2\/posts\/27308","targetHints":{"allow":["GET"]}}],"collection":[{"href":"https:\/\/www.egemtv.com\/index.php?rest_route=\/wp\/v2\/posts"}],"about":[{"href":"https:\/\/www.egemtv.com\/index.php?rest_route=\/wp\/v2\/types\/post"}],"author":[{"embeddable":true,"href":"https:\/\/www.egemtv.com\/index.php?rest_route=\/wp\/v2\/users\/1"}],"replies":[{"embeddable":true,"href":"https:\/\/www.egemtv.com\/index.php?rest_route=%2Fwp%2Fv2%2Fcomments&post=27308"}],"version-history":[{"count":1,"href":"https:\/\/www.egemtv.com\/index.php?rest_route=\/wp\/v2\/posts\/27308\/revisions"}],"predecessor-version":[{"id":27310,"href":"https:\/\/www.egemtv.com\/index.php?rest_route=\/wp\/v2\/posts\/27308\/revisions\/27310"}],"wp:featuredmedia":[{"embeddable":true,"href":"https:\/\/www.egemtv.com\/index.php?rest_route=\/wp\/v2\/media\/27309"}],"wp:attachment":[{"href":"https:\/\/www.egemtv.com\/index.php?rest_route=%2Fwp%2Fv2%2Fmedia&parent=27308"}],"wp:term":[{"taxonomy":"category","embeddable":true,"href":"https:\/\/www.egemtv.com\/index.php?rest_route=%2Fwp%2Fv2%2Fcategories&post=27308"},{"taxonomy":"post_tag","embeddable":true,"href":"https:\/\/www.egemtv.com\/index.php?rest_route=%2Fwp%2Fv2%2Ftags&post=27308"}],"curies":[{"name":"wp","href":"https:\/\/api.w.org\/{rel}","templated":true}]}}